{"id":85,"date":"2018-10-29T16:59:00","date_gmt":"2018-10-29T16:59:00","guid":{"rendered":"https:\/\/openart.hu\/elet\/?p=85"},"modified":"2021-07-18T14:23:35","modified_gmt":"2021-07-18T14:23:35","slug":"arulkodo-jelek-testbeszed-a-munkahelyen","status":"publish","type":"post","link":"https:\/\/openart.hu\/elet\/2018\/10\/29\/arulkodo-jelek-testbeszed-a-munkahelyen\/","title":{"rendered":"\u00c1rulkod\u00f3 jelek &#8211; Testbesz\u00e9d a munkahelyen"},"content":{"rendered":"<p><img loading=\"lazy\" class=\"size-medium wp-image-71 alignleft\" src=\"https:\/\/openart.hu\/elet\/wp-content\/uploads\/2018\/10\/arulkod\u00f3-jelek-Testbeszed-a-munkahelyen-197x300.jpg\" alt=\"\" width=\"197\" height=\"300\" srcset=\"https:\/\/openart.hu\/elet\/wp-content\/uploads\/2018\/10\/arulkod\u00f3-jelek-Testbeszed-a-munkahelyen-197x300.jpg 197w, https:\/\/openart.hu\/elet\/wp-content\/uploads\/2018\/10\/arulkod\u00f3-jelek-Testbeszed-a-munkahelyen.jpg 208w\" sizes=\"(max-width: 197px) 100vw, 197px\" \/><a href=\"https:\/\/bookline.hu\/szerzo\/joe-navarro\/211396\">Joe Navarro<\/a><br \/>\n\u00c1rulkod\u00f3 jelek &#8211; Testbesz\u00e9d a munkahelyen<\/p>\n<p>Joe Navarro, az egykori FBI-\u00fcgyn\u00f6k, a viselked\u00e9selemz\u00e9s nemzetk\u00f6zileg elismert szak\u00e9rt\u0151je, a Besz\u00e9des testek szerz\u0151je megosztja vel\u00fcnk a r\u00e9gen v\u00e1rt v\u00e1laszt. Kider\u00fcl, mi t\u00f6rt\u00e9nik val\u00f3j\u00e1ban a munkahelyeden vagy \u00e9pp az \u00e1ll\u00e1sinterj\u00fakon. Az \u00c1rulkod\u00f3 jelekb\u0151l megtanulhatod, hogyan fejleszd nem verb\u00e1lis intelligenci\u00e1dat, hogyan haszn\u00e1ld a testbesz\u00e9det munk\u00e1d sor\u00e1n. Ha pedig \u00e1ll\u00e1st keresel, megtudhatod, hogyan viselkedj, hogy a mindent eld\u00f6nt\u0151 els\u0151 benyom\u00e1s r\u00f3lad t\u00f6k\u00e9letes legyen!<\/p>\n","protected":false},"excerpt":{"rendered":"<p>Joe Navarro \u00c1rulkod\u00f3 jelek &#8211; Testbesz\u00e9d a munkahelyen Joe Navarro, az egykori FBI-\u00fcgyn\u00f6k, a viselked\u00e9selemz\u00e9s nemzetk\u00f6zileg elismert szak\u00e9rt\u0151je, a Besz\u00e9des testek szerz\u0151je megosztja vel\u00fcnk a r\u00e9gen v\u00e1rt v\u00e1laszt. Kider\u00fcl, mi t\u00f6rt\u00e9nik val\u00f3j\u00e1ban a munkahelyeden&#46;&#46;&#46;<\/p>\n","protected":false},"author":1,"featured_media":71,"comment_status":"open","ping_status":"open","sticky":false,"template":"","format":"standard","meta":[],"categories":[15,13],"tags":[17,56,14],"_links":{"self":[{"href":"https:\/\/openart.hu\/elet\/wp-json\/wp\/v2\/posts\/85"}],"collection":[{"href":"https:\/\/openart.hu\/elet\/wp-json\/wp\/v2\/posts"}],"about":[{"href":"https:\/\/openart.hu\/elet\/wp-json\/wp\/v2\/types\/post"}],"author":[{"embeddable":true,"href":"https:\/\/openart.hu\/elet\/wp-json\/wp\/v2\/users\/1"}],"replies":[{"embeddable":true,"href":"https:\/\/openart.hu\/elet\/wp-json\/wp\/v2\/comments?post=85"}],"version-history":[{"count":2,"href":"https:\/\/openart.hu\/elet\/wp-json\/wp\/v2\/posts\/85\/revisions"}],"predecessor-version":[{"id":87,"href":"https:\/\/openart.hu\/elet\/wp-json\/wp\/v2\/posts\/85\/revisions\/87"}],"wp:featuredmedia":[{"embeddable":true,"href":"https:\/\/openart.hu\/elet\/wp-json\/wp\/v2\/media\/71"}],"wp:attachment":[{"href":"https:\/\/openart.hu\/elet\/wp-json\/wp\/v2\/media?parent=85"}],"wp:term":[{"taxonomy":"category","embeddable":true,"href":"https:\/\/openart.hu\/elet\/wp-json\/wp\/v2\/categories?post=85"},{"taxonomy":"post_tag","embeddable":true,"href":"https:\/\/openart.hu\/elet\/wp-json\/wp\/v2\/tags?post=85"}],"curies":[{"name":"wp","href":"https:\/\/api.w.org\/{rel}","templated":true}]}}