{"id":68,"date":"2018-10-29T16:44:41","date_gmt":"2018-10-29T16:44:41","guid":{"rendered":"https:\/\/openart.hu\/elet\/?p=68"},"modified":"2018-10-29T16:56:05","modified_gmt":"2018-10-29T16:56:05","slug":"konyvek","status":"publish","type":"post","link":"https:\/\/openart.hu\/elet\/2018\/10\/29\/konyvek\/","title":{"rendered":"Vesz\u00e9lyes szem\u00e9lyis\u00e9gek"},"content":{"rendered":"<p><img loading=\"lazy\" class=\"size-medium wp-image-70 alignleft\" src=\"https:\/\/openart.hu\/elet\/wp-content\/uploads\/2018\/10\/Veszelyes-szemelyisegek-194x300.jpg\" alt=\"\" width=\"194\" height=\"300\" srcset=\"https:\/\/openart.hu\/elet\/wp-content\/uploads\/2018\/10\/Veszelyes-szemelyisegek-194x300.jpg 194w, https:\/\/openart.hu\/elet\/wp-content\/uploads\/2018\/10\/Veszelyes-szemelyisegek.jpg 208w\" sizes=\"(max-width: 194px) 100vw, 194px\" \/><a href=\"https:\/\/bookline.hu\/szerzo\/joe-navarro\/211396\">Joe Navarro<\/a><\/p>\n<p>Vesz\u00e9lyes szem\u00e9lyis\u00e9gek<\/p>\n<p>Naponta \u00fajabb \u00e9s \u00fajabb trag\u00e9di\u00e1kr\u00f3l sz\u00f3lnak a h\u00edrek Newton, Boston, Aurora, Columbine. A riportokban sz\u00e1mtalanszor elhangzik, hogy b\u00e1r voltak ugyan jelek, de senki nem foglalkozott vel\u00fck. A sz\u00f6rny\u0171 trag\u00e9di\u00e1kon t\u00fal felett\u00e9bb f\u00e9lelmetes az a t\u00e9ny, hogy a b\u0171n\u00f6z\u0151k kevesebb, mint 1%-\u00e1t \u00edt\u00e9lik b\u00f6rt\u00f6nb\u00fcntet\u00e9sre. Ez egyben azt is jelenti, hogy az \u00fajs\u00e1gok minden egyes szalagc\u00edm\u00e9re t\u00f6bb milli\u00f3, az \u00e1tlagembert vesz\u00e9lyeztet\u0151 helyzet jut. \u00c9s a val\u00f3di b\u0171neseteken t\u00fal ott vannak az \u0151r\u00fclt munkat\u00e1rsak, a f\u00e9kevesztett csal\u00e1dtagok vagy \u00e9pp azok a kegyetlen szomsz\u00e9dok, akik b\u00e1r fizikai f\u00e1jdalmat nem okoznak, m\u00e9gis folyamatosan megkeser\u00edtik az \u00e9let\u00fcnket. Vajon id\u0151ben felismerhetj\u00fck az ilyen emberekt\u0151l \u00e9rkez\u0151 fenyeget\u00e9st? Joe Navarro, az FBI egykori \u00fcgyn\u00f6k\u00e9nek k\u00f6nyve megtan\u00edt a n\u00e9gy leggyakoribb vesz\u00e9lyes szem\u00e9lyis\u00e9g a n\u00e1rcisztikus, a ragadoz\u00f3, a paranoi\u00e1s \u00e9s a labilis t\u00edpus azonos\u00edt\u00e1s\u00e1ra. R\u00e9szletesen ismerteti az egyes t\u00edpusok fel\u0151l \u00e9rkez\u0151 fenyeget\u00e9st. \u00cdgy megv\u00e9dhetj\u00fck magunkat, r\u00f6vid \u00e9s hossz\u00fa t\u00e1von egyar\u00e1nt. De ha m\u00e9gsem tudtuk elker\u00fclni a puszt\u00edt\u00f3 er\u0151 k\u00f6zels\u00e9g\u00e9t, bemutatja azt is, hogyan dolgozhatjuk fel az \u00e1ltala okozott traum\u00e1t.<\/p>\n","protected":false},"excerpt":{"rendered":"<p>Joe Navarro Vesz\u00e9lyes szem\u00e9lyis\u00e9gek Naponta \u00fajabb \u00e9s \u00fajabb trag\u00e9di\u00e1kr\u00f3l sz\u00f3lnak a h\u00edrek Newton, Boston, Aurora, Columbine. A riportokban sz\u00e1mtalanszor elhangzik, hogy b\u00e1r voltak ugyan jelek, de senki nem foglalkozott vel\u00fck. A sz\u00f6rny\u0171 trag\u00e9di\u00e1kon t\u00fal&#46;&#46;&#46;<\/p>\n","protected":false},"author":1,"featured_media":70,"comment_status":"open","ping_status":"open","sticky":false,"template":"","format":"standard","meta":[],"categories":[15,13],"tags":[17,16,14],"_links":{"self":[{"href":"https:\/\/openart.hu\/elet\/wp-json\/wp\/v2\/posts\/68"}],"collection":[{"href":"https:\/\/openart.hu\/elet\/wp-json\/wp\/v2\/posts"}],"about":[{"href":"https:\/\/openart.hu\/elet\/wp-json\/wp\/v2\/types\/post"}],"author":[{"embeddable":true,"href":"https:\/\/openart.hu\/elet\/wp-json\/wp\/v2\/users\/1"}],"replies":[{"embeddable":true,"href":"https:\/\/openart.hu\/elet\/wp-json\/wp\/v2\/comments?post=68"}],"version-history":[{"count":4,"href":"https:\/\/openart.hu\/elet\/wp-json\/wp\/v2\/posts\/68\/revisions"}],"predecessor-version":[{"id":77,"href":"https:\/\/openart.hu\/elet\/wp-json\/wp\/v2\/posts\/68\/revisions\/77"}],"wp:featuredmedia":[{"embeddable":true,"href":"https:\/\/openart.hu\/elet\/wp-json\/wp\/v2\/media\/70"}],"wp:attachment":[{"href":"https:\/\/openart.hu\/elet\/wp-json\/wp\/v2\/media?parent=68"}],"wp:term":[{"taxonomy":"category","embeddable":true,"href":"https:\/\/openart.hu\/elet\/wp-json\/wp\/v2\/categories?post=68"},{"taxonomy":"post_tag","embeddable":true,"href":"https:\/\/openart.hu\/elet\/wp-json\/wp\/v2\/tags?post=68"}],"curies":[{"name":"wp","href":"https:\/\/api.w.org\/{rel}","templated":true}]}}