{"id":552,"date":"2021-09-21T19:57:39","date_gmt":"2021-09-21T19:57:39","guid":{"rendered":"https:\/\/openart.hu\/elet\/?p=552"},"modified":"2021-09-21T20:11:53","modified_gmt":"2021-09-21T20:11:53","slug":"mindent-az-aspergerrol","status":"publish","type":"post","link":"https:\/\/openart.hu\/elet\/2021\/09\/21\/mindent-az-aspergerrol\/","title":{"rendered":"Mindent az Aspergerr\u0151l"},"content":{"rendered":"\n<p>Tudtad, hogy a fiatal korban hiperakt\u00edvnak, figyelemzavarosnak kiki\u00e1ltott gyerekek val\u00f3j\u00e1ban Asperger-szindr\u00f3m\u00e1sok? A betegs\u00e9g f\u0151leg a fi\u00fakat \u00e9rinti, jellemz\u0151je, hogy a k\u00f6z\u00f6ss\u00e9gi l\u00e9t \u00edratlan szab\u00e1lyaival folyamatosan \u00f6ssze\u00fctk\u00f6z\u00e9sbe ker\u00fclnek, merev bels\u0151 szab\u00e1lyrendszer\u00fckh\u00f6z g\u00f6rcs\u00f6sen ragaszkodnak.<br>A betegs\u00e9g jellemz\u0151je<br>az \u00e1tlagos vagy \u00e1tlagon fel\u00fcli intelligencia<br>a szeg\u00e9nyes kommunik\u00e1ci\u00f3<br>gyenge kapcsolatteremt\u0151 k\u00e9szs\u00e9g<br>szemkontaktus ker\u00fcl\u00e9se<br>a szab\u00e1lyokhoz, a megszokott rutinhoz val\u00f3 g\u00f6rcs\u00f6s ragaszkod\u00e1s<br>a fesz\u00fclt ideg\u00e1llapot \u00e9s\/vagy depresszi\u00f3<br>az apr\u00f3l\u00e9kos besz\u00e9d<br>az ingerek feldolgoz\u00e1s\u00e1nak neh\u00e9zs\u00e9ge<br>a megtapadt gondolkod\u00e1si s\u00e9m\u00e1k<\/p>\n\n\n\n<p>Albert Einstein<br>a relativit\u00e1selm\u00e9let megalkot\u00f3ja, fizikai Nobel-d\u00edjat kapott a fotoelektronikus hat\u00e1s ter\u00fclet\u00e9n v\u00e9gzett munk\u00e1ss\u00e1g\u00e1\u00e9rt. Szem\u00e9lyis\u00e9gjegyei k\u00f6z\u00fcl egy, mely alapj\u00e1n felt\u00e9telezhet\u0151, hogy \u0151 is Aspergeres volt: kilenc \u00e9ves kor\u00e1ban m\u00e9g nem tudott foly\u00e9konyan besz\u00e9lni. Az autista gyerekek nagy sz\u00e1zal\u00e9k\u00e1n\u00e1l gyakoriak a besz\u00e9dprobl\u00e9m\u00e1k. Einstein sz\u00fclei arra gyanakodtak, hogy gyermek\u00fck ment\u00e1lisan retard\u00e1lt.<br>Nem ritka, hogy az autist\u00e1kat ment\u00e1lisan retard\u00e1ltnak vagy magatart\u00e1szavarosnak tekintik. A Nobel-d\u00edj \u00e1tad\u00e1si cerem\u00f3ni\u00e1n Einstein zokni n\u00e9lk\u00fcl jelent meg. Az autist\u00e1k \u00e9s az Asperger-szindr\u00f3m\u00e1sok furcsa szok\u00e1sai k\u00f6z\u00e9 sorolhat\u00f3, hogy bizonyos text\u00edli\u00e1kra rendk\u00edv\u00fcl \u00e9rz\u00e9kenyek; atipikus viselked\u00e9s\u00fck furcsas\u00e1gai k\u00f6zt, saj\u00e1t kis vil\u00e1gukban l\u00e1tsz\u00f3lag elveszve \u00e9lnek. Az Asperger-szindr\u00f3m\u00e1s gyermekek sz\u00e1m\u00e1ra nem kis neh\u00e9zs\u00e9get okoz a megfelel\u0151 zokni megtal\u00e1l\u00e1sa, ami a l\u00e1bujjakn\u00e1l nem irrit\u00e1lja \u0151ket.<\/p>\n\n\n\n<p>Isaac Newton<br>ifj\u00fakor\u00e1ban kimaradt az iskol\u00e1b\u00f3l. A logik\u00e1tlannak t\u0171n\u0151, szigor\u00fa elveken alapul\u00f3 szab\u00e1lyokat az autist\u00e1k k\u00e9ptelenek elfogadni, ami miatt gyakran ker\u00fclnek konfliktusba a tan\u00e1rokkal, az iskola vezet\u00e9s\u00e9vel.<\/p>\n\n\n\n<p>Benjamin Franklint<br>az Egyes\u00fclt \u00c1llamok egyik alap\u00edt\u00f3atyjak\u00e9nt tartj\u00e1k sz\u00e1mon. Filoz\u00f3fus, \u00edr\u00f3, politikus, tud\u00f3s, aktivista, diplomata volt egy szem\u00e9lyben. Tudom\u00e1nyos vizsg\u00e1lataival hozz\u00e1j\u00e1rult a fizika, azon bel\u00fcl az elektromoss\u00e1g kutat\u00e1s\u00e1hoz. \u0150 volt a postahivatal els\u0151 vezet\u0151je is, ahol a szigor\u00fa rendre, a szort\u00edroz\u00e1sra val\u00f3 er\u0151s k\u00e9sztet\u00e9s\u00e9t ki\u00e9lhette. \u201eA korabeli el\u0151kel\u0151s\u00e9gek nem mert\u00e9k Benjamin Franklinre b\u00edzni a F\u00fcggetlens\u00e9gi Nyilatkozat megsz\u00f6vegez\u00e9s\u00e9t, mert att\u00f3l f\u00e9ltek, hogy valami viccet csin\u00e1l majd bel\u0151le\u201d (Botham, 2006, 17-18.old.). Az Aspergeresek rendk\u00edv\u00fcli, a megszokott\u00f3l elt\u00e9r\u0151 humor\u00e9rz\u00e9kkel vannak meg\u00e1ldva.<\/p>\n\n\n\n<figure class=\"wp-block-image size-large\"><img loading=\"lazy\" width=\"1024\" height=\"640\" src=\"https:\/\/openart.hu\/elet\/wp-content\/uploads\/2021\/09\/bonaparte-napoleon-1024x640.jpg\" alt=\"\" class=\"wp-image-563\" srcset=\"https:\/\/openart.hu\/elet\/wp-content\/uploads\/2021\/09\/bonaparte-napoleon-1024x640.jpg 1024w, https:\/\/openart.hu\/elet\/wp-content\/uploads\/2021\/09\/bonaparte-napoleon-300x188.jpg 300w, https:\/\/openart.hu\/elet\/wp-content\/uploads\/2021\/09\/bonaparte-napoleon-768x480.jpg 768w, https:\/\/openart.hu\/elet\/wp-content\/uploads\/2021\/09\/bonaparte-napoleon.jpg 1080w\" sizes=\"(max-width: 1024px) 100vw, 1024px\" \/><figcaption> Bonaparte Nap\u00f3leon<\/figcaption><\/figure>\n\n\n\n<p class=\"has-small-font-size\"><span style=\"color:#340410\" class=\"has-inline-color\"><strong>Bonaparte Nap\u00f3leon<\/strong><br><strong>k\u00f6ztudottan f\u00e9lt a macsk\u00e1kt\u00f3l, kedvelte a matematikusok \u00e9s a fizikusok t\u00e1rsas\u00e1g\u00e1t, humanista gondolkod\u00e1s\u00faakat nem t\u0171rt meg maga k\u00f6r\u00fcl. Szerinte a humanist\u00e1k csak bajt okoznak. Inasainak feladatai k\u00f6z\u00e9 tartozott, hogy bet\u00f6rj\u00e9k az \u00faj csizm\u00e1t sz\u00e1m\u00e1ra. Val\u00f3sz\u00edn\u0171leg neh\u00e9zs\u00e9gei lehettek a beilleszked\u00e9ssel, a hozz\u00e1 hasonl\u00f3 intellektu\u00e1lis \u00e9s szem\u00e9lyes adotts\u00e1gokkal rendelkez\u0151k t\u00e1rsas\u00e1g\u00e1t r\u00e9szes\u00edtette el\u0151nyben. Feltehet\u0151en vissza-visszat\u00e9r\u0151, alaptalan f\u00e9lelmek gy\u00f6t\u00f6rt\u00e9k, hiperszenzit\u00edv volt bizonyos l\u00e1bbelik visel\u00e9sekor \u00e9s az \u0151t k\u00f6r\u00fclvev\u0151 szem\u00e9lyeket illet\u0151en.<\/strong><\/span><\/p>\n\n\n\n<p>George Washington,<br>az USA els\u0151 eln\u00f6ke volt. Asperger-szindr\u00f3m\u00e1ra utal\u00f3 jellemz\u0151i k\u00f6z\u00f6tt eml\u00edthet\u0151, hogy kertj\u00e9ben marihu\u00e1n\u00e1t termesztett; sok diagnosztiz\u00e1latlan, esetleg f\u00e9lrediagnosztiz\u00e1lt Aspergeres, vagy figyelemzavaros szem\u00e9ly \u00f6nmag\u00e1t igyekszik gy\u00f3gy\u00edtani, hogy \u201enyugtalan elm\u00e9j\u00e9t \u00e9s test\u00e9t csillap\u00edtsa\u201d.<br>Rettenetesen f\u00e9lt att\u00f3l, hogy \u00e9lve el\u00e9getik, ez\u00e9rt elrendelte, hogy \u201ehal\u00e1l\u00e1t k\u00f6vet\u0151en h\u00e1rom napig hagyj\u00e1k b\u00e9k\u00e9n, hogy megbizonyosodhassanak a hal\u00e1l val\u00f3s be\u00e1llt\u00e1r\u00f3l\u201d. Az Asperger-szindr\u00f3m\u00e1sokat \u00e9s az autist\u00e1kat \u00e9rtelmetlen f\u00e9lelmek gy\u00f6trik, l\u00e1tsz\u00f3lag bizarr szab\u00e1lyokhoz, ritu\u00e1l\u00e9khoz ragaszkodnak. Az \u00e1tlagt\u00f3l elt\u00e9r\u0151en \u00e9rz\u00e9kelik \u00e9s \u00e9rtelmezik az \u0151ket k\u00f6r\u00fclvev\u0151 vil\u00e1got. Besz\u00e1mol\u00f3k szerint p\u00e9nzt kellett k\u00f6lcs\u00f6nk\u00e9rnie, hogy saj\u00e1t beiktat\u00e1si cerem\u00f3ni\u00e1j\u00e1t megrendezze. A p\u00e9nz kezel\u00e9s\u00e9nek neh\u00e9zs\u00e9ge, tendencia a p\u00e9nz felhalmoz\u00e1s\u00e1ra, \u00e9s\/vagy az \u00e9rt\u00e9kt\u00e1rgyak sz\u00e9tosztogat\u00e1s\u00e1nak impulz\u00edv megjelen\u00e9se mind az Aspergeresek saj\u00e1tja lehet.<\/p>\n\n\n\n<p>John Quincy Adams,<br>az USA egyik eln\u00f6ke a Feh\u00e9r H\u00e1z Keleti Szob\u00e1j\u00e1ban h\u00e1zi kedvenck\u00e9nt egy allig\u00e1tort tartott. \u201eMeztelen\u00fcl legutols\u00f3 alkalommal hetvenkilencedik sz\u00fclet\u00e9snapj\u00e1n f\u00fcrd\u00f6tt a Potomac foly\u00f3ban.\u201d Tov\u00e1bbi komment\u00e1rra ezut\u00e1n aligha van sz\u00fcks\u00e9g.<\/p>\n\n\n\n<p>Andrew Johnson<br>megtanult szabni-varrni, s \u0151 maga k\u00e9sz\u00edtette saj\u00e1t \u00e9s a kabinettagok ruh\u00e1it is. A szab\u00e1szattal lehet, hogy Asperger-szindr\u00f3m\u00e1s \u00e9nj\u00e9t, valamint \u201ea figyelemzavarra jellemz\u0151 bels\u0151leg fesz\u00edt\u0151 \u00e9rz\u00e9seket\u201d kezelte. Az Asperger-szindr\u00f3m\u00e1s \u00e9s a val\u00f3ban figyelemzavaros szem\u00e9lyek csillap\u00edthatatlan fesz\u00fclts\u00e9g\u00e9rz\u00e9s\u00fcket, nyugtalans\u00e1gukat l\u00e1buk r\u00e1zogat\u00e1s\u00e1val, r\u00e1g\u00f3z\u00e1ssal, k\u00e9zm\u0171ves tev\u00e9kenys\u00e9ggel, k\u00f6t\u00f6get\u00e9ssel, \u00edz\u00fcleteik ropogtat\u00e1s\u00e1val, \u00e9s ujjaik mozgat\u00e1s\u00e1val igyekeznek csillap\u00edtani.<\/p>\n\n\n\n<p>Abraham Lincoln<br>ideg\u00f6sszeroppan\u00e1st kapott; 1860-ban t\u00f6rt\u00e9nt eln\u00f6kk\u00e9 v\u00e1laszt\u00e1s\u00e1t megel\u0151z\u0151en m\u00e1r nyolc szavaz\u00e1st elvesztett. Az Asperger-szindr\u00f3m\u00e1t nagyon gyakran depresszi\u00f3k\u00e9nt, ideges fesz\u00fclts\u00e9gk\u00e9nt, bipol\u00e1ris zavark\u00e9nt, ideg\u00f6sszeoml\u00e1sk\u00e9nt diagnosztiz\u00e1lj\u00e1k. Lincoln hatalom\u00e9rt folytatott elsz\u00e1nt k\u00fczdelme a megtapadt gondolkod\u00e1s bizony\u00edt\u00e9ka lehet, \u00e9pp\u00fagy, mint a ritu\u00e1lis, \u00e9rtelmetlen ism\u00e9tl\u00e9se dolgoknak.<\/p>\n\n\n\n<p>William Taft<br>beiktat\u00e1s\u00e1nak napj\u00e1n beszorult a f\u00fcrd\u0151k\u00e1dj\u00e1ba, s \u201einasainak \u00fagy kellett \u0151t felkutatniuk\u201d. Az ev\u00e9szavar gyakran az Asperger \u00e9s az autizmus velej\u00e1r\u00f3ja. A gusztatorikus, olfaktorikus percepci\u00f3kkal, bizonyos anyagokkal szembeni hiper\u00e9rz\u00e9kenys\u00e9g miatt a betegek rosszul esznek, visszautas\u00edtj\u00e1k az \u00e9teleket, alult\u00e1pl\u00e1ltak, csup\u00e1n egy-k\u00e9t megszokott ennival\u00f3t hajland\u00f3k elfogyasztani.<\/p>\n\n\n\n<p>Vagy \u00e9pp ellenkez\u0151leg a t\u00fal alacsony ingerk\u00fcsz\u00f6b miatt nem lelik \u00f6r\u00f6m\u00fcket az \u00e9tkez\u00e9sben, nem \u00e9rzik a tel\u00edtetts\u00e9get, ez\u00e9rt folyton esznek, k\u00f6nnyen elh\u00edznak. \u201eSajnos m\u00e9g a szak\u00e9rt\u0151k \u00e9s a csal\u00e1dtagok is az autista gyerekek sz\u00fcleit v\u00e1dolj\u00e1k a gyerek piszmog\u00f3 \u00e9tkez\u00e9si szok\u00e1sai miatt. El\u0151fordul, hogy a sz\u00fcl\u0151i igyekezetet figyelembe sem veszik, s csak annyit mondanak, hogy minden gyerek \u00e9let\u00e9ben vannak finny\u00e1skod\u00f3, az \u00e9tellel szemben szesz\u00e9lyes megnyilv\u00e1nul\u00e1sok<\/p>\n\n\n\n<p>Stanley Kubrick.<br>A h\u00edres rendez\u0151 Stanley volt el\u00e9g megsz\u00e1llott, \u00e9s nem volt probl\u00e9ma az emberek k\u00f6zben filmfelv\u00e9tel. B\u00e1r \u00fagy hangzik rosszul, \u0151 betegs\u00e9ge is vezetett a \u0151r\u00fclt figyelmet a r\u00e9szletekre \u00e9s az esetleges h\u00edre, mint egy filmes.<\/p>\n\n\n\n<p>Deng Eykroyd.<br>Kanadai sz\u00edn\u00e9sz azt mondta, hogy Asperger-szindr\u00f3ma, hogy seg\u00edtsen neki a film \u201eSzellemirt\u00f3k\u201d, mert megsz\u00e1llottja volt a k\u00eds\u00e9rtetek \u00e9s a b\u0171n\u00fcld\u00f6z\u0151 szervek, amit\u0151l az ide\u00e1lis szem\u00e9ly erre a szerepre. Azoknak, akik nem tudj\u00e1k, Asperger-szindr\u00f3ma is okozhat az a szem\u00e9ly, hogy \u00f6sszpontos\u00edtson egy sz\u0171k k\u00f6r\u00e9nek \u00e9rdekeit.<\/p>\n\n\n\n<p>Robin Williams.<br>Kanadai sz\u00edn\u00e9sz azt mondta, hogy Asperger-szindr\u00f3ma, hogy seg\u00edtsen neki a film \u201eSzellemirt\u00f3k\u201d, mert megsz\u00e1llottja volt a k\u00eds\u00e9rtetek \u00e9s a b\u0171n\u00fcld\u00f6z\u0151 szervek, amit\u0151l az ide\u00e1lis szem\u00e9ly erre a szerepre. Azoknak, akik nem tudj\u00e1k, Asperger-szindr\u00f3ma is okozhat az a szem\u00e9ly, hogy \u00f6sszpontos\u00edtson egy sz\u0171k k\u00f6r\u00e9nek \u00e9rdekeit.<\/p>\n\n\n\n<p>Abraham Lincoln.<br>H\u00e1la az \u0151 szeretete rutin, egyes pszichol\u00f3gusok \u00fagy v\u00e9lik, hogy Lincoln volt az Asperger-k\u00f3r. Term\u00e9szetesen ezek a tulajdons\u00e1gok oda vezetett, hogy az a t\u00e9ny, hogy \u0151 lett a legnagyobb eln\u00f6k az amerikai t\u00f6rt\u00e9nelemben.<\/p>\n\n\n\n<p>Courtney.<br>Legend\u00e1s rocker \u00e9s \u00f6zvegye Nirvana frontembere Kurt Cobain, Courtney diagnosztiz\u00e1ltak autizmus 9 \u00e9vesen. B\u00e1r nem mer besz\u00e9lni a pontos kifejez\u00e9s, az \u00e9nekes elismerte, hogy Asperger-szindr\u00f3ma vezetett egy bizonyos szint\u0171 befel\u00e9 fordul\u00e1s.<\/p>\n\n\n\n<p>Warhol.<br>Mert az \u0151 excentrikus szem\u00e9lyis\u00e9g \u00e9s a szakm\u00e1ban azt javasolt\u00e1k, hogy Andy autizmus egy form\u00e1ja, val\u00f3sz\u00edn\u0171leg Asperger-szindr\u00f3ma.<\/p>\n\n\n\n<p>Wolfgang Amadeus Mozart.<br>Annak ellen\u00e9re, hogy a neh\u00e9z szoci\u00e1lis helyzetben volt csodagyerek, \u00e9s meg\u00edrta els\u0151 zenei \u00e9vesen 5 \u00e9v. Ahogy ism\u00e9t egy \u00e9rdekes \u00e9s egyedi gondolkod\u00e1sm\u00f3d emberek Asperger vezetett n\u00e9h\u00e1ny legnagyobb v\u00edvm\u00e1nya az emberis\u00e9g.<\/p>\n\n\n\n<p>Bill Gates.<br>B\u00e1r ez m\u00e9g nem er\u0151s\u00edtett\u00e9k meg, n\u00e9h\u00e1ny megfigyel\u0151 szerint Bill Gates lehet, Asperger-szindr\u00f3ma. \u0150 el\u0151re-h\u00e1tra hint\u00e1zott, megvet\u00e9se a ellentmond\u00f3 n\u00e9zetek mutatj\u00e1k, autizmus spektrum zavar. T\u00e9ny, hogy ezek \u201eamat\u0151r\u201d a megfigyel\u00e9s vezetett sok h\u00e9tk\u00f6znapi emberek Asperger-szindr\u00f3ma, hogy \u0151t, mint egy h\u0151s.<\/p>\n\n\n\n<p>Daryl Hannah<br>amerikai sz\u00edn\u00e9szn\u0151 karrierje kett\u00e9t\u00f6rt az Asperger-diagn\u00f3zis ut\u00e1n. A sz\u00edn\u00e9szn\u0151 nem sz\u00edvesen vett r\u00e9szt talkshow-kon \u00e9s premiereken, az Oscar-g\u00e1l\u00e1kon pedig fizikailag rosszul volt.<\/p>\n\n\n\n<p>Tim Burtont<br>nem diagnosztiz\u00e1lt\u00e1k hivatalosan, de egy autizmusr\u00f3l sz\u00f3l\u00f3 dokumentumfilm alapj\u00e1n r\u00e1ismert a t\u00fcnetekre, \u00e9s \u00fagy v\u00e9li, \u00e9rintett. Korai filmj\u00e9t, az Oll\u00f3kez\u0171 Edwardot is hasonl\u00f3 jellem\u0171 f\u0151h\u0151s ihlette.<\/p>\n\n\n\n<p>Dan Aykroydot<br>m\u00e1r 12 \u00e9vesen diagnosztiz\u00e1lt\u00e1k neurol\u00f3giai betegs\u00e9ggel, Tourette-szindr\u00f3m\u00e1val. A &#8217;80-as \u00e9vekben Asperger-betegs\u00e9get is meg\u00e1llap\u00edtottak n\u00e1la, de kezel\u00e9ssel karbantartja.<\/p>\n\n\n\n<p>Susan Boyle, a brit tehets\u00e9gkutat\u00f3 furcsa viselked\u00e9s\u0171 felfedezettje szint\u00e9n Asperger-szindr\u00f3m\u00e1s. Sokan fogyat\u00e9kosnak titul\u00e1lt\u00e1k, val\u00f3j\u00e1ban viszont csak autisztikus t\u00fcnetei vannak.<\/p>\n\n\n\n<p>Andy Warhol,<br>a vizu\u00e1lis popkult\u00fara nagy ikonja szerette az ism\u00e9tl\u0151d\u0151 \u00e9s rutinszer\u0171 dolgokat, ami a k\u00e9pein is megl\u00e1tszik. Ez belepasszol az autizmus \u00e9s az Asperger-szindr\u00f3ma t\u00fcnetegy\u00fcttes\u00e9be.<\/p>\n\n\n\n<p>Courtney Love<br>, a legend\u00e1s Kurt Cobain renitens \u00f6zvegye k\u00e9ptelen volt beilleszkedni a t\u00e1rsadalom \u00e1ltal elv\u00e1rt megszokott norm\u00e1kba. \u00c9letrajz\u00edr\u00f3ja szerint enyhe autizmust \u00e1llap\u00edtottak meg n\u00e1la a terapeut\u00e1k.<\/p>\n\n\n\n<p>Dan Harmon<br>amerikai \u00edr\u00f3 \u00e9s producer, akinek nev\u00e9hez olyan sikeres anim\u00e1ci\u00f3s filmek f\u0171z\u0151dnek, mint a Kung Fu Panda, a R\u00e9m rom vagy A Simpson csal\u00e1d, szint\u00e9n enyhe autizmusban szenved.<\/p>\n\n\n\n<p>Temple Grandint<br>h\u00e1rom\u00e9ves kor\u00e1ban diagnosztiz\u00e1lt\u00e1k autistak\u00e9nt. Az \u00edr\u00e1s \u00e9s a besz\u00e9d is nehezen ment neki. Ma a nagy\u00fczemi \u00e1llattart\u00e1s \u00fatt\u00f6r\u0151je Amerik\u00e1ban, pszichol\u00f3gi\u00e1b\u00f3l \u00e9s zool\u00f3gi\u00e1b\u00f3l doktor\u00e1lt.<\/p>\n\n\n\n<p>Craig Nicholls<br>ismert ausztr\u00e1l \u00e9nekes \u00e9s zeneszerz\u0151. Miut\u00e1n koncertjein botr\u00e1nyosan viselkedett, inzult\u00e1lta a k\u00f6z\u00f6ns\u00e9get, agressz\u00edvan reag\u00e1lt mindenre, kider\u00fclt, hogy Asperger-szindr\u00f3m\u00e1ja van.<\/p>\n\n\n\n<p>Gary McKinnon<br>sk\u00f3t sz\u00e1rmaz\u00e1s\u00fa hacker ellen kiadat\u00e1si elj\u00e1r\u00e1s is folyik. 97 amerikai katonai, NASA-, haditenger\u00e9szeti, v\u00e9delmi miniszt\u00e9riumi rendszert hekkelt meg. 2008-ban der\u00fclt ki, hogy aspergeres.<\/p>\n\n\n\n<p>Nicola Tesla<br>A h\u00edres m\u00e9rn\u00f6k h\u00edres volt a forradalmian \u00faj tal\u00e1lm\u00e1nyair\u00f3l, a f\u00f3bi\u00e1ir\u00f3l. Hirtelen humorv\u00e1ltoz\u00e1sa is el\u00e1rulta \u0151t. Sz\u00e1mos olyan ut\u00f3lagos vizsg\u00e1lat k\u00e9sz\u00fclt, amely r\u00f6geszm\u00e9s k\u00e9nyszeres betegs\u00e9get diagnosztiz\u00e1lt.<\/p>\n\n\n\n<p>Steven Spielberg<br>A h\u00edres filmk\u00e9sz\u00edt\u0151nek neh\u00e9z volt gyermekkor\u00e1ban kapcsolatba l\u00e9pni bar\u00e1taival. Spielberg ink\u00e1bb j\u00e1t\u00e9kokkal t\u00f6lt\u00f6tte az id\u0151t, \u00e9s feltal\u00e1lta a t\u00f6rt\u00e9neteket.<\/p>\n\n\n\n<p>Bart\u00f3k B\u00e9la, 1881-1945, zeneszerz\u0151: k\u00e9t\u00e9ves kor\u00e1ig nem besz\u00e9lt, nem kedvelte a gyermekj\u00e1t\u00e9kokat, viszont n\u00e9gy\u00e9vesen m\u00e1r 40 dalt tudott. Sosem volt kifejezetten bar\u00e1ts\u00e1gos, tan\u00edtv\u00e1nyai nagy szigor\u00e1t emlegetik. Idegenekkel olykor j\u00f3val kedvesebben b\u00e1nt, mint a k\u00f6zeli hozz\u00e1tartoz\u00f3ival.<\/p>\n\n\n\n<p>Albert Einstein: az egyik legismertebb aspergeres. A relativit\u00e1selm\u00e9let megalkot\u00f3ja, fizikai Nobel-d\u00edjat kapott a fotoelektronikus hat\u00e1s ter\u00fclet\u00e9n v\u00e9gzett munk\u00e1j\u00e1\u00e9rt. A Nobel-d\u00edj-\u00e1tad\u00e1si cerem\u00f3ni\u00e1n zokni n\u00e9lk\u00fcl jelent meg. Az autist\u00e1k \u00e9s Asperger szindr\u00f3m\u00e1sok furcsa szok\u00e1saihoz sorolhat\u00f3, hogy bizonyos text\u00edli\u00e1kra rendk\u00edv\u00fcl \u00e9rz\u00e9kenyek. Azt vallotta az emberi kapcsolatokr\u00f3l: \u201ekifejezetten hi\u00e1nyzik bel\u0151lem a v\u00e1gy a m\u00e1s emberi l\u00e9nyekkel vagy k\u00f6z\u00f6ss\u00e9gekkel val\u00f3 k\u00f6zvetlen kapcsolatra. Igazi mag\u00e1nyos utas vagyok, \u00e9s soha nem tartoztam tiszta sz\u00edvemb\u0151l sem haz\u00e1mhoz, sem otthonomhoz, sem bar\u00e1taimhoz, vagy ak\u00e1r csak k\u00f6zvetlen csal\u00e1domhoz; s e k\u00f6tel\u00e9kek k\u00f6zt is, soha nem vesz\u00edtettem el a t\u00e1vols\u00e1g \u00e9rz\u00e9s\u00e9t \u00e9s a mag\u00e1nyoss\u00e1g ir\u00e1nti v\u00e1gyamat.\u201d<\/p>\n\n\n\n<p>Abraham Lincoln: Az Amerikai Egyes\u00fcl \u00c1llamok 16. eln\u00f6ke. Az amerikai polg\u00e1rh\u00e1bor\u00fa h\u0151sek\u00e9nt \u00e9lete visszavonhatatlanul r\u00e9sze lett vil\u00e1gunk kr\u00f3nik\u00e1j\u00e1nak. Napjainkban Lincoln neve fogalom Amerik\u00e1ban, arck\u00e9pe d\u00edsz\u00edti az egycentes f\u00e9mp\u00e9nz \u00e9s az \u00f6tdoll\u00e1ros bankjegy el\u0151oldal\u00e1t, Washingtonban pedig hatalmas eml\u00e9km\u0171 eml\u00e9kezteti \u00e9let\u00e9re \u00e9s tetteire az embereket. Neve \u00f6sszefon\u00f3dik a rabszolgas\u00e1g elleni k\u00fczdelemmel, a polg\u00e1rh\u00e1bor\u00faval \u00e9s az egys\u00e9ges Amerikai Egyes\u00fclt \u00c1llamok megteremt\u00e9s\u00e9vel.<\/p>\n\n\n\n<p>Carl Jung (1875-1961): Sv\u00e1jci pszichoanalitikus. Sv\u00e1jci pszichol\u00f3gus, pszichi\u00e1ter, orvos, az analitikus pszichol\u00f3giai iskola megalkot\u00f3ja. A modern l\u00e9lektan analitikus ir\u00e1nyzat\u00e1nak k\u00e9pvisel\u0151je, a vall\u00e1spszichol\u00f3gia egyik klasszikusa \u00e9s a XX. sz\u00e1zad egyik kiv\u00e1l\u00f3 l\u00e9lekgy\u00f3gy\u00e1sza, gondolkod\u00f3ja volt. Megalap\u00edtotta a karakterkutat\u00e1s modern ir\u00e1nyzat\u00e1t, kutatta a tudattalant.<\/p>\n\n\n\n<p>Dan Aykroyd: Amerikai sz\u00edn\u00e9sz, producer, forgat\u00f3k\u00f6nyv\u00edr\u00f3, komikus. Harmincas \u00e9vei elej\u00e9n diagnosztiz\u00e1lt\u00e1k. A szellemek \u00e9s a b\u0171n\u00fcld\u00f6z\u00e9s megsz\u00e1llottja volt. Miut\u00e1n tal\u00e1lkozott a legnagyobb szellemvad\u00e1sszal, megsz\u00fcletett a Ghostbusters c\u00edm\u0171 film.<\/p>\n\n\n\n<p><\/p>\n\n\n\n<figure class=\"wp-block-image size-full\"><img loading=\"lazy\" width=\"700\" height=\"578\" src=\"https:\/\/openart.hu\/elet\/wp-content\/uploads\/2021\/09\/Erik-Satie.jpeg\" alt=\"\" class=\"wp-image-555\" srcset=\"https:\/\/openart.hu\/elet\/wp-content\/uploads\/2021\/09\/Erik-Satie.jpeg 700w, https:\/\/openart.hu\/elet\/wp-content\/uploads\/2021\/09\/Erik-Satie-300x248.jpeg 300w\" sizes=\"(max-width: 700px) 100vw, 700px\" \/><figcaption><strong><span style=\"color:#340410\" class=\"has-inline-color\">Erik Satie (1866-1925): Francia zeneszerz\u0151 \u00e9s zongorista. Kiemelked\u0151en kreat\u00edv, innovat\u00edv \u00e9s befoly\u00e1solta a 20. sz\u00e1zadi zene fejl\u0151d\u00e9s\u00e9t. Az Asperger-szindr\u00f3ma t\u00f6bb jegy\u00e9t is \u00e9szlelt\u00e9k n\u00e1la, p\u00e9ld\u00e1ul perfekcionizmus, fokozott \u00e9rz\u00e9kenys\u00e9g, gy\u0171l\u00f6let a konvenci\u00f3k ellen.<\/span> <\/strong><\/figcaption><\/figure>\n\n\n\n<p>Francia zeneszerz\u0151 \u00e9s zongorista. Kiemelked\u0151en kreat\u00edv, innovat\u00edv \u00e9s befoly\u00e1solta a 20. sz\u00e1zadi zene fejl\u0151d\u00e9s\u00e9t. Az Asperger-szindr\u00f3ma t\u00f6bb jegy\u00e9t is \u00e9szlelt\u00e9k n\u00e1la, p\u00e9ld\u00e1ul perfekcionizmus, fokozott \u00e9rz\u00e9kenys\u00e9g, gy\u0171l\u00f6let a konvenci\u00f3k ellen.<\/p>\n\n\n\n<p>George Bernard Shaw (1856-1950): \u00cdr dr\u00e1ma\u00edr\u00f3. William Shakespeare ut\u00e1n az \u0151 m\u0171veit j\u00e1tssz\u00e1k a leggyakrabban az angol nyelv\u0171 sz\u00ednh\u00e1zakban. L\u00e9v\u00e9n ideges, f\u00e9l\u00e9nk \u00e9s \u00e9rz\u00e9keny, nem tudott igazi hat\u00e1st kelteni hallgat\u00f3iban; \u00edgy k\u00f6zparkokban, el\u0151ad\u00f3termekben, \u00e9s utcasarkokon sz\u00f3nokolt, hogy hozz\u00e1szokjon a nyilv\u00e1noss\u00e1ghoz, m\u00edg d\u00f6bbenetes m\u00f3don egy p\u00e1r \u00e9v alatt az egyik legjobb sz\u00f3nok lett eg\u00e9sz Angli\u00e1ban. Kev\u00e9s sz\u00f3nok volt akkora hat\u00e1ssal a k\u00f6z\u00f6ns\u00e9gre, mint Shaw, aki egyik m\u00e1sodpercben megnevettetett mindenkit, azt\u00e1n egyszerre, egy ugr\u00e1ssal r\u00e1vil\u00e1g\u00edtott a mondanival\u00f3ja l\u00e9nyeg\u00e9re.<\/p>\n\n\n\n<p>Isaac Newton: Angol fizikus, matematikus, csillag\u00e1sz, filoz\u00f3fus, alkimista, az \u00fajkori t\u00f6rt\u00e9nelem egyik kiemelked\u0151 tud\u00f3sa. Keveset besz\u00e9lt, \u00fagy el tudott mer\u00fclni a munk\u00e1j\u00e1ban, hogy el\u0151fordult, hogy h\u00e1rom napig dolgozott egyfolyt\u00e1ban, \u00e9szre sem v\u00e9ve a napszakok v\u00e1ltoz\u00e1s\u00e1t. Kev\u00e9s bar\u00e1tj\u00e1val k\u00f6z\u00f6mb\u00f6s \u00e9s zs\u00e9mbes volt.<\/p>\n\n\n\n<p>Jane Austen: Angol reg\u00e9ny\u00edr\u00f3 n\u0151. Az egyszer\u0171 emberek mindennapi \u00e9let\u00e9vel foglalkozva el\u0151sz\u00f6r k\u00f6lcs\u00f6nz\u00f6tt saj\u00e1ts\u00e1gosan modern jelleget a reg\u00e9ny m\u0171faj\u00e1nak. \u0150 teremtette meg a t\u00e1rsadalmi v\u00edgj\u00e1t\u00e9kot kor\u00e1nak k\u00f6z\u00e9poszt\u00e1lybeli Angli\u00e1j\u00e1ban.<\/p>\n\n\n\n<p>Mark Twain: A legn\u00e9pszer\u0171bb amerikai \u00edr\u00f3, \u00fajs\u00e1g\u00edr\u00f3, humorista. \u00c9les esze \u00e9s szat\u00edr\u00e1i elismer\u00e9st v\u00e1ltottak ki a kritikusokt\u00f3l. Az amerikai irodalom atyj\u00e1nak is nevezik.<\/p>\n\n\n\n<p>Michelangelo: Az olasz renesz\u00e1nsz kimagasl\u00f3 mestere, egyike a k\u00e9pz\u0151m\u0171v\u00e9szet legnagyobb alakj\u00e1nak. B\u00e1r \u00f6nmag\u00e1t mindig szobr\u00e1sznak tartotta, nemcsak a szobr\u00e1szatban, hanem a fest\u00e9szetben, az \u00e9p\u00edt\u00e9szetben \u00e9s a l\u00edr\u00e1ban is maradand\u00f3t \u00e9s jelent\u0151set alkotott. M\u0171v\u00e9szete elt\u00e9r kora, a renesz\u00e1nsz vir\u00e1gkor\u00e1nak m\u0171v\u00e9szet\u00e9t\u0151l: hi\u00e1nyzik bel\u0151le az a harm\u00f3nia, der\u0171, elegancia, amely Leonardo da Vinci vagy Raffaello m\u0171veit jellemzi. K\u00fcl\u00f6nc, mag\u00e1nyos, \u00f6nmarcangol\u00f3 szem\u00e9lyis\u00e9ge, amely \u00e1lland\u00f3 harcban \u00e1llt \u00f6nmag\u00e1val \u00e9s a vil\u00e1ggal, arra k\u00e9sztette, hogy keser\u0171s\u00e9g\u00e9t szobraiban, verseiben \u00f6r\u00f6k\u00edtse meg ma is borzongat\u00f3 er\u0151vel. Alakjai \u00e1ltal\u00e1ban tragikus h\u0151s\u00f6k, akik a m\u0171v\u00e9szhez hasonl\u00f3an korl\u00e1taik k\u00f6z\u00fcl igyekeznek kit\u00f6rni. \u00c9let\u00e9nek trag\u00e9di\u00e1ja, hogy monument\u00e1lis tervei k\u00f6z\u00fcl nagyon kev\u00e9s val\u00f3sult meg teljes eg\u00e9sz\u00e9ben.<\/p>\n\n\n\n<p>Vincent Van Gogh: holland fest\u0151m\u0171v\u00e9sz, a posztimpresszionizmus egyik legnagyobb alakja. 27 \u00e9ves kor\u00e1ban kezdett festeni, \u00e9s hal\u00e1l\u00e1ig, 37 \u00e9ves kor\u00e1ig, kb. 900 festm\u00e9nyt k\u00e9sz\u00edtett. Van Gogh nem ismert kompromisszumot \u00e9s nem tudta mag\u00e1t al\u00e1rendelni semminek. Az impresszionist\u00e1k nem ismert\u00e9k el \u00e9s kinevett\u00e9k, de fest\u00e9szet\u00e9ben szinte minden elj\u00f6vend\u0151 m\u0171v\u00e9szeti \u00e1g jeleit fel lehet fedezni. Azok k\u00f6z\u00e9 a m\u0171v\u00e9szek k\u00f6z\u00e9 tartozott, akiket csak hal\u00e1luk ut\u00e1n ismertek el.<\/p>\n\n\n\n<p>Virginia Woolf:<br>Angol reg\u00e9ny\u00edr\u00f3, essz\u00e9ista, kritikus, feminista, a 20. sz\u00e1zad modern irodalom egyik legjelent\u0151sebb alakja.<\/p>\n\n\n\n<p>Bill Gates:<br>Amerikai v\u00e1llalkoz\u00f3, a Microsoft megalap\u00edt\u00f3ja. A vil\u00e1g egyik legjelent\u0151sebb \u00fczletembere. 78000 embert dolgoztat a vil\u00e1gon, k\u00f6zel 105 orsz\u00e1gban.<\/p>\n\n\n\n<p>Bob Dylan:<br>Grammy-d\u00edjas amerikai \u00e9nekes, dalszerz\u0151, zen\u00e9sz, k\u00f6lt\u0151. A popzene egyik meghat\u00e1roz\u00f3 alakja.<\/p>\n\n\n\n<p>John Nash:<br>Amerikai matematikus. J\u00e1t\u00e9kelm\u00e9let\u00e9\u00e9rt 1944-ben k\u00f6zgazdas\u00e1gi Nobel-eml\u00e9kd\u00edjat kapott. A vil\u00e1gh\u00edrt legink\u00e1bb az \u00e9let\u00e9t feldolgoz\u00f3 film \u2013 A csod\u00e1latos elme \u2013 hozta meg sz\u00e1m\u00e1ra.<\/p>\n\n\n\n<p>Pablo Picasso:<br>fest\u0151. Szenved\u00e9lyes szerelmei szint\u00e9n fest\u0151k voltak, \u00e1m nem \u00e1polt vel\u00fck val\u00f3di kapcsolatot, \u00e9s emberi szinten hamar elvesztette \u00e9rdekl\u0151d\u00e9s\u00e9t. \u0150 nem tudta val\u00f3ban \u00e1t\u00e9rezni \u201e\u00e1ldozatainak\u201d f\u00e1jdalm\u00e1t, ink\u00e1bb egy \u00e9rdekes k\u00eds\u00e9rletnek tekintette.<\/p>\n\n\n\n<p>Bonaparte Napoleon:<br>k\u00f6ztudottan f\u00e9lt a macsk\u00e1kt\u00f3l, kedvelte a matematikusok \u00e9s a fizikusok t\u00e1rsas\u00e1g\u00e1t, humanista gondolkod\u00e1s\u00faakat nem t\u0171rt meg maga k\u00f6r\u00fcl. Szerinte a humanist\u00e1k csak bajt okoznak. Inasainak feladatai k\u00f6z\u00e9 tartozott, hogy bet\u00f6rj\u00e9k az \u00faj csizm\u00e1t sz\u00e1m\u00e1ra. Val\u00f3sz\u00edn\u0171leg neh\u00e9zs\u00e9gei lehettek a beilleszked\u00e9ssel, a hozz\u00e1 hasonl\u00f3 intellektu\u00e1lis \u00e9s szem\u00e9lyes adotts\u00e1gokkal rendelkez\u0151k t\u00e1rsas\u00e1g\u00e1t r\u00e9szes\u00edtette el\u0151nyben. Feltehet\u0151en vissza-visszat\u00e9r\u0151, alaptalan f\u00e9lelmek gy\u00f6t\u00f6rt\u00e9k, hiperszenzit\u00edv volt bizonyos l\u00e1bbelik visel\u00e9sekor \u00e9s az \u0151t k\u00f6r\u00fclvev\u0151 szem\u00e9lyeket illet\u0151en.<\/p>\n\n\n\n<p>Diszlexia<\/p>\n\n\n\n<p>Agatha Christie \u2013 (1890 \u2013 1976) volt minden id\u0151k egyik legn\u00e9pszer\u0171bb reg\u00e9ny\u00edr\u00f3ja. Eladott k\u00f6nyveinek sz\u00e1ma, amely el\u00e9rte a 4 milli\u00e1rd k\u00f6tetet vetekedett a Biblia eladott p\u00e9ld\u00e1nysz\u00e1m\u00e1val. Agatha-t diszlexi\u00e1ja nem akad\u00e1lyozta meg abban, hogy kibontakoztathassa kreativit\u00e1s\u00e1t \u00e9s mag\u00e1val ragad\u00f3 st\u00edlust teremtsen reg\u00e9nyeiben. M\u0171veib\u0151l sz\u00e1mos tov\u00e1bbi reg\u00e9ny\u00edr\u00f3 \u00e9s filmes kapott inspir\u00e1ci\u00f3t \u2013 j\u00f3val hal\u00e1la ut\u00e1n is.<\/p>\n\n\n\n<p>Alexander Graham Bell \u2013 (1847 \u2013 1922) A telefon feltal\u00e1l\u00f3j\u00e1nak rendk\u00edv\u00fcli \u00e9rz\u00e9kenys\u00e9ge volt a fogyat\u00e9koss\u00e1gokra, \u00e9desanyja ugyanis folyamatosan elvesztette hall\u00e1s\u00e1t, \u00edgy a Bell azon igyekezett, hogy hogyan is tudna seg\u00edteni a technol\u00f3gia seg\u00edts\u00e9g\u00e9vel hall\u00e1sk\u00e1rosod\u00e1ssal \u00e9l\u0151 embert\u00e1rsainak. Tanul\u00e1s\u00e1t megnehez\u00edtette saj\u00e1t diszlexi\u00e1ja, de \u00e9rdekl\u0151d\u00e9se a term\u00e9szettudom\u00e1nyok ir\u00e1nt folyamatosan n\u0151tt. A j\u00f3l ismert feltal\u00e1l\u00f3nak k\u00f6sz\u00f6nhetj\u00fck a National Geographic T\u00e1rsas\u00e1g megalap\u00edt\u00e1s\u00e1t is.<\/p>\n\n\n\n<p>Cher \u2013 (1946 \u2013 ) Chert t\u00e1ncos-\u00e9nekes \u00e9desanyja egyed\u00fcl nevelte igen szer\u00e9ny k\u00f6r\u00fclm\u00e9nyek k\u00f6z\u00f6tt. Igen fiatalon \u00fagy d\u00f6nt\u00f6tt, hogy diszlexi\u00e1ja miatt sikertelen tanulm\u00e1nyait f\u00e9lbehagyva Los Angelesben sz\u00edn\u00e9szn\u0151nek \u00e1ll, hogy v\u00e9gre azzal foglalkozzon, amit igaz\u00e1n szeret. Sonny Bono-val t\u00f6rt\u00e9n\u0151 tal\u00e1lkoz\u00e1s\u00e1val kezd\u0151d\u00f6tt \u00e9nekesi p\u00e1ly\u00e1ja.<\/p>\n\n\n\n<p>Hans Christian Andersen \u2013 (1805 \u2013 1875) A vil\u00e1g egyik legh\u00edresebb mese\u00edr\u00f3j\u00e1nak k\u00f6nyveit a vil\u00e1g szinte \u00f6sszes nyelv\u00e9re leford\u00edtott\u00e1k. A Kis hable\u00e1ny, A bors\u00f3szem hercegkisasszony \u00e9s A cs\u00e1sz\u00e1r \u00faj ruh\u00e1ja c\u00edm\u0171 mes\u00e9k szerz\u0151je diszlexi\u00e1s volt. Feltehet\u0151en Asperger-szindr\u00f3m\u00e1s is volt.<\/p>\n\n\n\n<p>Leonardo Da Vinci \u2013 Leonardo di ser Piero da Vinci, (1452 \u2013 1519) a renesz\u00e1nsz toszk\u00e1n polihisztora: term\u00e9szettud\u00f3s, anat\u00f3mus, matematikus, szobr\u00e1sz, fest\u0151, m\u00e9rn\u00f6k, botanikus, \u00edr\u00f3 \u00e9s zen\u00e9sz. Saj\u00e1t kor\u00e1nak g\u00e9niusza a diszlexi\u00e1s emberek egy gyakori t\u00fcnet\u00e9t produk\u00e1lta, miszerint visszafel\u00e9 \u00edrt. Leonardo \u00f6tleteivel megel\u0151zte saj\u00e1t kor\u00e1t; megalkotta a helikopter, a tank, protot\u00edpus\u00e1t \u00e9s kidolgozta a lemeztechtonika kezdetleges elm\u00e9let\u00e9t is.<\/p>\n\n\n\n<p>Tom Cruise \u2013 Thomas Cruise Mapother IV (1962 \u2013 ), amerikai filmsz\u00edn\u00e9sz, a Top Gun \u00e9s a Mission Impossible filmek szt\u00e1rja. Diszlexi\u00e1ja miatt az \u00e9dasapja rendszeresen b\u00e1ntalmazta \u00e9s gyakorta v\u00e1rt iskolai kirekeszt\u00e9s \u00e1ldozat\u00e1v\u00e1. A 12 oszt\u00e1lyt 15 \u00e9v alatt siker\u00fclt teljes\u00edtenie.<br>Walt Disney \u2013 Walter Elias Disney (1901 \u2013 1966) a huszadik sz\u00e1zad filmm\u0171v\u00e9szet\u00e9nek \u00e9s sz\u00f3rakoztat\u00f3 ipar\u00e1nak egyik leginnovat\u00edvabb kulcsfigur\u00e1ja, rendez\u0151, producer, \u00edr\u00f3 \u00e9s illusztr\u00e1tor. Diszlexi\u00e1ja nem akad\u00e1lyozta meg abban, hogy egyszerre k\u00e9t iskol\u00e1ban is helyt\u00e1lljon: a k\u00f6z\u00e9piskola mellett m\u00e1r k\u00e9pz\u0151m\u0171v\u00e9szeti tanulm\u00e1nyokat is folytatott.<\/p>\n\n\n\n<p>Whoopi Goldberg \u2013 (1955 \u2013 ) amerikai sz\u00edn\u00e9szn\u0151, telev\u00edzi\u00f3s szem\u00e9lyis\u00e9g \u00e9s humorista- Gyermekk\u00e9nt sz\u00e1mos neh\u00e9zs\u00e9ggel szembes\u00fclt iskolai tanulm\u00e1nyai sor\u00e1n, de csak feln\u0151tt kor\u00e1ban der\u00fclt f\u00e9ny diszlexi\u00e1j\u00e1ra.<\/p>\n\n\n\n<p>Thomas Edison \u2013 Thomas Alva Edison (1847 \u2013 1931) holland sz\u00e1rmaz\u00e1s\u00fa amerikai \u00fczletember \u00e9s feltal\u00e1l\u00f3 sz\u00e1mos felfedez\u00e9ssel gazdag\u00edtotta a modern vil\u00e1got: t\u00f6bbek k\u00f6z\u00f6tt a fonogr\u00e1f \u00e9s a villanyk\u00f6rte felfedez\u00e9s\u00e9vel. Igazi \u201eprobl\u00e9m\u00e1s\u201d gyermeknek sz\u00e1m\u00edtott, borzaszt\u00f3an teljes\u00edtett matematik\u00e1b\u00f3l, neh\u00e9zs\u00e9gei voltak a szavakkal \u00e9s a besz\u00e9ddel, nem figyelt oda, amikor kellett volna \u00e9s a figyelme is csapong\u00f3 volt, mind\u00f6ssze h\u00e1rom h\u00f3napot j\u00e1rt iskol\u00e1ba. Egy gyermekkori f\u00fclgyullad\u00e1s k\u00f6vetkezt\u00e9ben a hall\u00e1sa is k\u00e1rosodott.<\/p>\n\n\n\n<p>Ludwig Van Beethoven (1770-1827) \u2013 csod\u00e1val hat\u00e1ros m\u00f3don hall\u00e1sa elveszt\u00e9se ut\u00e1n is tudott kompon\u00e1lni, legy\u0151zve fogyat\u00e9koss\u00e1g\u00e1t minden id\u0151k egyik legnagyobb zeneszerz\u0151je volt.<br>1822-ben v\u00e9gleg visszavonult \u00e9s m\u00e1r csak otthon\u00e1ban kompon\u00e1lt. Tudjuk r\u00f3la, hogy munka k\u00f6zben fogai k\u00f6zz\u00e9 egy dobver\u0151t szor\u00edtott, aminek m\u00e1sik v\u00e9ge a zongora fed\u0151lapj\u00e1hoz \u00e9rt. Ennek seg\u00edts\u00e9g\u00e9vel v\u00e1lt \u00e9rz\u00e9kelhet\u0151v\u00e9 a sz\u00e1m\u00e1ra nem hallhat\u00f3 hangszer, mivel a koponyacsont rezg\u00e9se k\u00e9pes bizonyos m\u00e9rt\u00e9k\u0171 hall\u00e1s\u00e9rzetet biztos\u00edtani.<br>1827 m\u00e1rcius\u00e1ig, hal\u00e1l\u00e1ig m\u00e1r csak egyetlen alkalommal l\u00e9pett fel nagyk\u00f6z\u00f6ns\u00e9g el\u0151tt, a IX. szimf\u00f3nia \u0151sbemutat\u00f3j\u00e1n. A zeneirodalom legkiemelked\u0151bb alkot\u00e1sai k\u00f6z\u00e9 sorolhat\u00f3 m\u0171 premierj\u00e9t 1824 m\u00e1jus\u00e1ban, a Kartnertortheaterben rendezt\u00e9k meg. Az el\u0151ad\u00e1s hatalmas sikert aratott, amib\u0151l a m\u00e1r teljesen s\u00fcket zeneszerz\u0151 semmit sem vett \u00e9szre. Beethoven a kott\u00e1iba mer\u00fclve lapozgatott, amikor az egyik \u00e9nekesn\u0151 a hangosan \u00e9ljenz\u0151 publikum fel\u00e9 ford\u00edtotta. A megf\u00e1radt mester csak ekkor hajolt meg h\u00e1l\u00e1s k\u00f6z\u00f6ns\u00e9ge el\u0151tt.<\/p>\n\n\n\n<p>Francisco Goya (1746-1828)\u2013 spanyol fest\u0151. M\u0171v\u00e9szi p\u00e1lyafut\u00e1sa lassan indult, els\u0151k\u00e9nt az 1780-as \u00e9vekben vall\u00e1sos k\u00e9pekkel aratott sikert, majd IV. K\u00e1roly udvari fest\u0151je lett. M\u0171v\u00e9szetfelfog\u00e1s\u00e1ban d\u00f6nt\u0151 szerepe volt betegs\u00e9g\u00e9nek, elm\u00e9ly\u00edtette benne az emberi \u00e9let f\u00e1jdalm\u00e1nak \u00e9s szenved\u00e9s\u00e9nek tudat\u00e1t, \u00e9s ennek k\u00f6vetkezt\u00e9ben fokozatosan komor \u00e9s v\u00e9szterhes t\u00e9m\u00e1k fel\u00e9 fordult.<\/p>\n\n\n\n<p>Anne Hegerty<br>(1958. j\u00falius 14.)<br>Anne Hegerty az egyik \u00fcld\u00f6z\u0151 az ITV The Chase &#8220;The Chase&#8221; n\u00e9ven, amelyet &#8220;The Governess&#8221; n\u00e9ven ismernek. Sz\u00e1mos m\u00e1s kv\u00edzm\u0171sorban szerepelt, t\u00f6bbek k\u00f6z\u00f6tt a Mastermind, a Fifteen to One, a Today&#8217;s the Day, Are You a Egghead? \u00e9s Brain of Britain. Egy interj\u00faban Hegerty kijelentette, hogy Asperger -szindr\u00f3m\u00e1ja van, amelyet 2005 -ben diagnosztiz\u00e1ltak a This Morning Tv Show \u0151szinte interj\u00faj\u00e1ban. \u00e9n ki innen.<\/p>\n\n\n\n<p>Ladyhawke<\/p>\n\n\n\n<p>(1979. j\u00falius 13.)<\/p>\n\n\n\n<p>Phillipa Margaret &#8220;Pip&#8221; Brown, ismertebb nev\u00e9n Ladyhawke, \u00faj-z\u00e9landi \u00e9nekes-dalszerz\u0151 \u00e9s multiinstrument\u00e1lis. Brownnak Asperger -szindr\u00f3m\u00e1t diagnosztiz\u00e1ltak. \u00dagy v\u00e9li, hogy gyermekkora nagy r\u00e9sz\u00e9t a zen\u00e9ben t\u00f6lt\u00f6tte, legyen az r\u00e1di\u00f3hallgat\u00e1s, vagy anyja Beatles \u00e9s Pretenders albumai, ennek a szindr\u00f3m\u00e1nak tulajdon\u00edthat\u00f3.<\/p>\n\n\n\n<p>Guy Martin<\/p>\n\n\n\n<p>(1981. november 4.)<\/p>\n\n\n\n<p>Guy Martin brit teheraut\u00f3-szerel\u0151, k\u00f6zismertebb, mint motorversenyz\u0151 \u00e9s telev\u00edzi\u00f3s szem\u00e9lyis\u00e9g. Martin 1998 -ban kezdett versenyezni, 2004 -ben deb\u00fct\u00e1lt a k\u00f6z\u00fati p\u00e1ly\u00e1kon a Man -sziget TT rendezv\u00e9nyein, ahol 17 dobog\u00f3s helyez\u00e9st \u00e9rt el. Versenybalesetekben k\u00e9tszer is elt\u00f6rt a h\u00e1ta. Miut\u00e1n megk\u00fczd\u00f6tt azzal, hogy megbirk\u00f3zzon a m\u00e9diamunk\u00e1ja \u00e1ltal hozott h\u00edrn\u00e9vvel, Martinn\u00e1l Asperger -szindr\u00f3m\u00e1t diagnosztiz\u00e1ltak<\/p>\n\n\n\n<p>Daryl Hannah<\/p>\n\n\n\n<p>(1960. december 3.)<\/p>\n\n\n\n<p>Daryl Hannahis amerikai filmsz\u00edn\u00e9szn\u0151 \u00e9s k\u00f6rnyezetv\u00e9d\u0151. Bemutatkozott a k\u00e9perny\u0151n Brian De Palma, a Fury (1978) term\u00e9szetfeletti horrorfilmj\u00e9ben. Hannah Pris Stratton szerep\u00e9r\u0151l ismert Ridley Scott Sci-fi fut\u00f3 (1982) tudom\u00e1nyos fantasztikus thriller\u00e9ben, Madison sell\u0151 Ron Howard Splash fantasy-romantikus kom\u00e9di\u00e1j\u00e1ban (1984)<\/p>\n\n\n\n<p>Daryl Hannah el\u00e1rulta, hogy gyermekkor\u00e1ban Aspergerst diagnosztiz\u00e1ltak n\u00e1la, \u00e9s a rendelleness\u00e9g k\u00f6vetkezt\u00e9ben \u201elegyeng\u00edt\u0151 f\u00e9l\u00e9nks\u00e9ggel\u201d k\u00fcszk\u00f6d\u00f6tt, \u00e9s azt mondta, hogy eltitkolta autizmus\u00e1t a filmgy\u00e1rt\u00f3k el\u0151l, \u00e9s nem volt hajland\u00f3 prom\u00f3ci\u00f3s interj\u00fakat k\u00e9sz\u00edteni, vagy besz\u00e9lget\u0151s m\u0171sorokban szerepelni. f\u00f6l\u00f6tte volt, de mert megijedtem<\/p>\n\n\n\n<p>Young Young<\/p>\n\n\n\n<p>(1986. j\u00falius 5.)<\/p>\n\n\n\n<p>Adam Young amerikai zen\u00e9sz, multiinstrumentalista, producer, dalszerz\u0151, \u00e9nekes \u00e9s a Bagolyv\u00e1ros alap\u00edt\u00f3ja . Adam megeml\u00edtette, hogy Asperger -szindr\u00f3m\u00e1ban szenved, \u00e9s gyakran hivatkozott arra, hogy m\u00e9lyen f\u00e9l\u00e9nk \u00e9s t\u00e1rsadalmilag befel\u00e9 fordul\u00f3<\/p>\n\n\n\n<p>Heather Kuzmich<\/p>\n\n\n\n<p>(1986. \u00e1prilis 19 -\u00e9n sz\u00fcletett)<\/p>\n\n\n\n<p>Heather Kuzmich m\u0171v\u00e9szeti hallgat\u00f3 \u00e9s amerikai divatmodell. Heather legink\u00e1bb arr\u00f3l ismert, hogy az Amerika k\u00f6vetkez\u0151 cs\u00facsmodellje versenyz\u0151je, ahol \u0151 volt a show negyedik m\u00e1sodik helyezettje. A bemutat\u00f3 sor\u00e1n kider\u00fclt, hogy Kuzmich Asperger -szindr\u00f3m\u00e1s \u00e9s ADHD -s a Spectrum Magazine c\u00edm\u0171 foly\u00f3irat, amely az autizmussal \u00e9l\u0151 csal\u00e1doknak \u00e9s egy\u00e9neknek sz\u00f3l\u00f3 magazin.<\/p>\n\n\n\n<p>Csak azt mutatja, hogy az Asperger -szindr\u00f3m\u00e1ban szenved\u0151knek sz\u00e9ps\u00e9g\u00fck \u00e9s agyuk is lehet\u2026<\/p>\n\n\n\n<p>Chris Packham<\/p>\n\n\n\n<p>(1961. m\u00e1jus 4 -\u00e9n sz\u00fcletett)<\/p>\n\n\n\n<p>angol term\u00e9szettud\u00f3s, term\u00e9szetfot\u00f3s, telev\u00edzi\u00f3s m\u0171sorvezet\u0151 \u00e9s \u00edr\u00f3, legismertebb telev\u00edzi\u00f3s munk\u00e1ss\u00e1g\u00e1r\u00f3l, t\u00f6bbek k\u00f6z\u00f6tt az 1980 -as \u00e9vek v\u00e9g\u00e9n, a Val\u00f3ban vad show c\u00edm\u0171 gyermekeknek sz\u00f3l\u00f3 term\u00e9szet -sorozatr\u00f3l. 2009 \u00f3ta mutatja be a BBC Springwatch term\u00e9szetv\u00e9delmi sorozat\u00e1t<\/p>\n\n\n\n<p>Chris sz\u00e1mos brit lapban besz\u00e9lt aspergereir\u0151l \u00e9s arr\u00f3l, hogyan kezeli az \u00e1llapotot.<\/p>\n\n\n\n<p>Susan Boyle<br>(1961. \u00e1prilis 1 -\u00e9n sz\u00fcletett)<br>sk\u00f3t \u00e9nekesn\u0151, aki akkor ker\u00fclt a nemzetk\u00f6zi figyelem k\u00f6z\u00e9ppontj\u00e1ba, amikor 2009. \u00e1prilis 11 -\u00e9n versenyz\u0151k\u00e9nt szerepelt a Britain&#8217;s Got Talent c\u00edm\u0171 telev\u00edzi\u00f3s m\u0171sorban, \u00e9s \u00e9nekelte az &#8220;I Dreamed a Dream&#8221; c\u00edm\u0171 dalot a Les Mis\u00e9rables -b\u0151l. Els\u0151 albuma 2009 november\u00e9ben jelent meg, \u00e9s az els\u0151 sz\u00e1m\u00fa bestseller-albumk\u00e9nt deb\u00fct\u00e1lt vil\u00e1gszerte. 2012 -ben Boyle -n\u00e1l Asperger -szindr\u00f3m\u00e1t diagnosztiz\u00e1ltak. 2013 december\u00e9ben a BBC interj\u00faj\u00e1ban nyilv\u00e1noss\u00e1gra hozta diagn\u00f3zis\u00e1t<\/p>\n\n\n\n<p>Dan Aykroyd<\/p>\n\n\n\n<p>( 1952. j\u00falius 1.)<\/p>\n\n\n\n<p>Oscar-d\u00edjra jel\u00f6lt \u00e9s Emmy-d\u00edjas kanadai-amerikai humorista, sz\u00edn\u00e9sz, forgat\u00f3k\u00f6nyv\u00edr\u00f3, zen\u00e9sz \u00e9s ufol\u00f3gus. A Saturday Night Live eredeti szerepl\u0151je volt , a Blues Brothers kezdem\u00e9nyez\u0151je (John Belushi -val), \u00e9s hossz\u00fa karrierje volt filmsz\u00edn\u00e9szk\u00e9nt \u00e9s forgat\u00f3k\u00f6nyv\u00edr\u00f3k\u00e9nt. N\u00e9h\u00e1ny j\u00f3l ismert filmje a Szellemirt\u00f3k, A k\u00e9k testv\u00e9rek, a L\u00e1nyom \u00e9s m\u00e9g sok m\u00e1s.<\/p>\n\n\n\n<p>Aykroyd le\u00edrta mag\u00e1t (egy r\u00e1di\u00f3interj\u00faban Terry Gross -szal), hogy enyhe Tourette -szindr\u00f3m\u00e1val rendelkezik, amelyet sikeresen kezeltek ter\u00e1pi\u00e1val tizen\u00e9ves kor\u00e1ban, valamint enyhe Asperger -szindr\u00f3m\u00e1val. Az Asperger -szindr\u00f3ma diagn\u00f3zisa nem l\u00e9tezett az 1960 -as \u00e9vekben, amikor Aykroyd tizen\u00e9ves volt. Nem vil\u00e1gos, hogy Aykroyd orvosi forr\u00e1sb\u00f3l kapta-e a TS vagy az AS diagn\u00f3zis\u00e1t, hogy komikus szerep\u00e9ben besz\u00e9lt-e, vagy a diagn\u00f3zisok saj\u00e1t k\u00e9sz\u00edt\u00e9s\u0171ek voltak. Hanginterj\u00fa volt, \u00edgy a k\u00f6z\u00f6ns\u00e9g nem l\u00e1thatta Aykroyd arckifejez\u00e9seit, de a k\u00e9rdez\u0151 bizonytalans\u00e1got jelzett azzal kapcsolatban, hogy Aykroyd tr\u00e9f\u00e1l -e.<\/p>\n\n\n\n<p>Craig Nicholls<\/p>\n\n\n\n<p>(1977. augusztus 31.)<\/p>\n\n\n\n<p>ausztr\u00e1l \u00e9nekes, dalszerz\u0151 \u00e9s git\u00e1ros, az alternat\u00edv rock csoport, a Vines. A Triple M r\u00e1di\u00f3 prom\u00f3ci\u00f3s m\u0171sora sor\u00e1n Patrick Matthews basszusgit\u00e1ros lel\u00e9pett a sz\u00ednpadr\u00f3l, miut\u00e1n Nicholls a k\u00f6z\u00f6ns\u00e9gre r\u00e1v\u00e1gott, \u00e9s k\u00f6vetelte, hogy a t\u00f6meg ne besz\u00e9ljen az el\u0151ad\u00e1s sor\u00e1n. Nicholls \u00edgy sz\u00f3lt a t\u00f6meghez: &#8220;Mi a franc\u00e9rt nevetsz? Mindannyian egy csom\u00f3 juh. El tudsz menni?&#8221; Nichollst m\u00e9g azzal v\u00e1dolt\u00e1k, hogy megr\u00fagott egy fot\u00f3s, \u00e9s v\u00e1dat emeltek. Ennek eredm\u00e9nyek\u00e9ppen Patrick Matthews soha t\u00f6bb\u00e9 nem j\u00e1tszott a The Vines -szal (az\u00f3ta csatlakozott az Ifj\u00fas\u00e1gi Csoporthoz, \u00e9s a Triple M betiltotta, hogy a The Vines -t korl\u00e1tlan ideig j\u00e1tssz\u00e1k a r\u00e1di\u00f3\u00e1llom\u00e1sukon. Nichollst b\u00e1tyja, Matt, valamint menedzsere \u00e9s bar\u00e1tja, Andy Kelly k\u00eds\u00e9rte 2004. november 19 -\u00e9n, a Sydney -i Balmain helyi b\u00edr\u00f3s\u00e1gon. Kider\u00fclt, hogy Nicholls Asperger -szindr\u00f3m\u00e1s<\/p>\n\n\n\n<p>Gary Numan<\/p>\n\n\n\n<p>(1958. m\u00e1rcius 8.)<\/p>\n\n\n\n<p>Gary Webb n\u00e9ven sz\u00fcletett, angol \u00e9nekes, zeneszerz\u0151 \u00e9s zen\u00e9sz. Numan Asperger -szindr\u00f3m\u00e1ban szenved, autista spektrumzavarban, amely korl\u00e1tozott szoci\u00e1lis \u00e9s kommunik\u00e1ci\u00f3s k\u00e9szs\u00e9geket okoz. Egy 2001 -es interj\u00faban ezt mondta: &#8220;Az udvarias besz\u00e9lget\u00e9s soha nem volt az egyik er\u0151ss\u00e9gem. Nemr\u00e9g j\u00f6ttem r\u00e1, hogy az Asperger -szindr\u00f3ma enyhe form\u00e1ja van, ami alapvet\u0151en azt jelenti, hogy probl\u00e9m\u00e1im vannak az emberekkel val\u00f3 kapcsolatteremt\u00e9sben. Nem tudtam meg\u00e9rteni, hogy az emberek mi\u00e9rt hitt\u00e9k, hogy arrog\u00e1ns vagyok, de most m\u00e1r mindennek van<\/p>\n\n\n\n<p>Luke Jackson<\/p>\n\n\n\n<p>(1988. augusztus 18.)<\/p>\n\n\n\n<p>Luke Christopher Jackson olyan szerz\u0151, aki 13 \u00e9ves kor\u00e1ban v\u00e1lt h\u00edress\u00e9, amikor els\u0151 k\u00e9zb\u0151l szerzett k\u00f6nyvet arr\u00f3l, milyen az Asperger-szindr\u00f3ma. A Freaks, Geeks \u00e9s Asperger -szindr\u00f3ma c\u00edm\u00fb k\u00f6nyv: A felhaszn\u00e1l\u00f3i \u00fatmutat\u00f3 a serd\u00fcl\u00f5korhoz \u00e9rz\u00e9st keltett, \u00e9s nagym\u00e9rt\u00e9kben n\u00f6velte az \u00e1ltal\u00e1nos tudatoss\u00e1got.<\/p>\n\n\n\n<p>Gary Mckinnon<\/p>\n\n\n\n<p>(1966. febru\u00e1r 10.)<\/p>\n\n\n\n<p>egy sk\u00f3t hacker, akit kiadnak az Egyes\u00fclt \u00c1llamoknak azzal a v\u00e1ddal, hogy elk\u00f6vette azt, amit az egyik amerikai \u00fcgy\u00e9sz \u00e1ll\u00edt, hogy &#8220;minden id\u0151k legnagyobb katonai sz\u00e1m\u00edt\u00f3g\u00e9pes hackje&#8221;, McKinnonnal Asperger -szindr\u00f3m\u00e1t diagnosztiz\u00e1ltak. A diagn\u00f3zist 2008 augusztus\u00e1ban \u00e1llap\u00edtotta meg a Cambridge-i Egyetem professzora, Simon Baron-Cohen. A hackel\u00e9ssel v\u00e1dolt sz\u00e1m\u00edt\u00f3g\u00e9pes h\u00e1l\u00f3zatok k\u00f6z\u00e9 tartoznak a NASA, az amerikai hadsereg, az amerikai haditenger\u00e9szet v\u00e9delmi miniszt\u00e9riuma \u00e9s az amerikai l\u00e9gier\u0151 tulajdon\u00e1ban l\u00e9v\u0151 h\u00e1l\u00f3zatok. Ha kiadj\u00e1k az USA -nak \u00e9s v\u00e1dat emelnek ellene, McKinnon ak\u00e1r 70 \u00e9v b\u00f6rt\u00f6nb\u00fcntet\u00e9sre is sz\u00e1m\u00edthat, \u00e9s att\u00f3l tart, hogy a Guantanamo -\u00f6b\u00f6lbe k\u00fcldhetik.<\/p>\n\n\n\n<p>Patrick George &#8220;Paddy&#8221; Considine<\/p>\n\n\n\n<p>(1973. szeptember 5.)<\/p>\n\n\n\n<p>Paddy Considine angol sz\u00edn\u00e9sz, filmrendez\u0151, forgat\u00f3k\u00f6nyv\u00edr\u00f3, zen\u00e9sz. Olyan filmekben j\u00e1tszott, mint az Amerik\u00e1ban, a Halott ember cip\u0151je, A bagoly ki\u00e1lt\u00e1sa, Don Don &amp; Scor-zay-zeeHot Fuzz, valamint olyan telev\u00edzi\u00f3s filmekben, mint; V\u00f6r\u00f6slovagl\u00f3 tril\u00f3gia: Mr. Whicher gyan\u00fai \u00e9s PU-239 2010-ben, 36 \u00e9vesen, Considine-n\u00e1l Asperger-szindr\u00f3m\u00e1t diagnosztiz\u00e1ltak, amely a kommunik\u00e1ci\u00f3s \u00e9s szoci\u00e1lis k\u00e9szs\u00e9gekkel kapcsolatos neh\u00e9zs\u00e9gekhez kapcsol\u00f3d\u00f3 autizmus spektrumzavar. A The Telegraph -nak adott \u0151szinte interj\u00faj\u00e1ban el\u00e1rulta, hogy &#8220;legyeng\u00edt\u0151 elhat\u00e1rol\u00f3d\u00e1si \u00e9rz\u00e9st\u0151l szenvedett; mind a k\u00f6r\u00fcl\u00f6tte \u00e9l\u0151 emberekt\u0151l, mind a k\u00f6rnyezet\u00e9t\u0151l, \u00e9s hogy gyakorlati szinten t\u00fal sok zajjal, er\u0151s f\u00e9nyekkel, s\u0151t tap\u00e9t\u00e1val \u00e9s A sz\u00f6vetek probl\u00e9m\u00e1kat okoztak. &#8221; A diagn\u00f3zis kapcs\u00e1n Considine el\u00e1rulta, hogy Asperger -k\u00f3r felfedez\u00e9se megk\u00f6nnyebb\u00fcl\u00e9s volt<\/p>\n\n\n\n<p>Tim Burton<\/p>\n\n\n\n<p>(1958. augusztus 25.)<\/p>\n\n\n\n<p>Timothy Walter Burton amerikai filmrendez\u0151, producer, m\u0171v\u00e9sz, \u00edr\u00f3 \u00e9s anim\u00e1tor. S\u00f6t\u00e9t, g\u00f3tikus \u00e9s k\u00fcl\u00f6nc horror- \u00e9s fantasyfilmjeir\u0151l ismert, mint p\u00e9ld\u00e1ul a Beetlejuice (1988), Edward Scissorhands (1990), Sweeney Todd: A Fleet Street d\u00e9moni borb\u00e9lya (2007), Dark Shadows (2012), Batman szuperh\u0151s filmek. (1989.<\/p>\n\n\n\n<p>volt hossz\u00fa t\u00e1v\u00fa \u00e9lett\u00e1rsa, Helena Bonham Carter szerint. A \u201eCharlie \u00e9s a csokol\u00e1d\u00e9\u201d rendez\u0151je az Asperger -szindr\u00f3ma &#8211; az autizmus egy form\u00e1ja &#8211; n\u00e9h\u00e1ny t\u00fcnet\u00e9vel rendelkezik, mivel nagyon intelligens, de hi\u00e1nyzik a szoci\u00e1lis k\u00e9szs\u00e9gei szerint a sz\u00edn\u00e9szn\u0151,<\/p>\n\n\n\n<p>Possibile aspergeres<\/p>\n\n\n\n<p>Woody Allen<br>(1935. december 1.)<br>h\u00e1romszor Oscar-d\u00edjas amerikai filmrendez\u0151, \u00edr\u00f3, sz\u00edn\u00e9sz, jazz-zen\u00e9sz, humorista \u00e9s dramaturg. Nagy munk\u00e1ss\u00e1ga \u00e9s agyi filmes st\u00edlusa, amely szat\u00edr\u00e1t, szellemess\u00e9get \u00e9s humort kever, a modern kor egyik legelismertebb \u00e9s legterm\u00e9kenyebb filmes\u00e9v\u00e9 tette. Woody a k\u00f6vetkez\u0151ket mondta egy interj\u00faban: j\u00f3indulat\u00fabb idegbeteg vagyok . \u00dagy \u00e9rtem, sok neurotikus szok\u00e1som van &#8221; &#8211; mondta a furcsa amerikai rendez\u0151 \u00e9s sz\u00edn\u00e9sz a Reuters Telev\u00edzi\u00f3nak. Nem szeretek bemenni a liftekbe, nem j\u00e1rok \u00e1t alagutakon, szeretem, ha a zuhany alatt lefoly\u00f3 sarokban \u00e9s nem k\u00f6z\u00e9pen &#8220;<\/p>\n\n\n\n<p>James Maury &#8220;Jim&#8221; Henson<br>(1936. szeptember 24. &#8211; 1990. m\u00e1jus 16.)<br>volt az amerikai telev\u00edzi\u00f3s t\u00f6rt\u00e9nelem legismertebb b\u00e1bj\u00e1t\u00e9ka. \u0150 volt a The Muppets megalkot\u00f3ja, \u00e9s a Sesame Street \u00e9s a The Muppet Show c\u00edm\u0171 telev\u00edzi\u00f3s sorozatok, valamint az olyan filmek, mint a The Muppet Movie (1979) \u00e9s a The Dark Crystal c\u00edm\u0171 telev\u00edzi\u00f3s sorozatok vezet\u0151 alkot\u00f3eleme.(1982). Emellett volt Oscar-d\u00edjra jel\u00f6lt filmrendez\u0151, Emmy-d\u00edjas telev\u00edzi\u00f3s producer, valamint a The Jim Henson Company, a Jim Henson Foundation \u00e9s a Jim Henson Creature Shop alap\u00edt\u00f3ja. Henson sz\u00e9les k\u00f6rben elismert a hit, a bar\u00e1ts\u00e1g, a var\u00e1zslat \u00e9s a szeretet folyamatos l\u00e1t\u00e1sm\u00f3dj\u00e1r\u00f3l, amely szinte minden munk\u00e1j\u00e1t \u00e1titatta<\/p>\n\n\n\n<p>Michael Edward Palin, CBE<br>(sz\u00fcletett 1943. m\u00e1jus 5 -\u00e9n)<br>angol humorista, sz\u00edn\u00e9sz, \u00edr\u00f3 \u00e9s telev\u00edzi\u00f3s m\u0171sorvezet\u0151, legismertebb a Monty Python c\u00edm\u0171 v\u00edgj\u00e1t\u00e9kcsoport egyik tagja \u00e9s \u00fati dokumentumfilmjeir\u0151l. Palin anyag\u00e1nak nagy r\u00e9sz\u00e9t Terry Jones -nal \u00edrta. A Monty Python el\u0151tt m\u00e1s m\u0171sorokon is dolgoztak, mint p\u00e9ld\u00e1ul a Ken Dodd Show , The Frost Report \u00e9s a Do not Adjust Your Set . Palin n\u00e9h\u00e1ny legh\u00edresebb Python -v\u00e1zlatban szerepelt, k\u00f6zt\u00fck a &#8220;The Dead Parrot&#8221;, &#8220;The Fumberjack Song&#8221;, &#8220;The Spanish Inquisition&#8221; \u00e9s &#8220;Spam&#8221;. Palin folytatta a munk\u00e1t Jones-szal, k\u00f6z\u00f6sen \u00edrt\u00e1k a Ripping Yarns-t. T\u00f6bb filmben is szerepelt Python Terry Gilliam rendez\u00e9s\u00e9ben, \u00e9s figyelemre m\u00e9lt\u00f3 szerepeket mutatott be m\u00e1s filmekben, p\u00e9ld\u00e1ul az A Fish Called Wanda c\u00edm\u0171 filmben, amely\u00e9rt elnyerte a BAFTA -d\u00edjat a legjobb f\u00e9rfi mell\u00e9kszerepl\u0151 kateg\u00f3ri\u00e1ban<\/p>\n\n\n\n<p>William Henry Gates III KBE<br>(sz\u00fcletett 1955. okt\u00f3ber 28 -\u00e1n)<br>amerikai v\u00e1llalkoz\u00f3 \u00e9s a Microsoft eln\u00f6ke , a vil\u00e1g vezet\u0151 szoftvere, szolg\u00e1ltat\u00e1sa \u00e9s megold\u00e1sa, amely seg\u00edti az embereket \u00e9s a v\u00e1llalkoz\u00e1sokat teljes potenci\u00e1ljuk megval\u00f3s\u00edt\u00e1s\u00e1ban. A Microsoft bev\u00e9tele 51,12 milli\u00e1rd USD volt a 2007 j\u00fanius\u00e1ban v\u00e9gz\u0151d\u0151 p\u00e9nz\u00fcgyi \u00e9vben, \u00e9s t\u00f6bb mint 78 000 embert foglalkoztat 105 orsz\u00e1gban \u00e9s r\u00e9gi\u00f3ban.<\/p>\n\n\n\n<p>Sir Alfred Joseph Hitchcock KBE<br>(1899. augusztus 13. &#8211; 1980. \u00e1prilis 29.)<br>ikonikus \u00e9s nagy hat\u00e1s\u00fa rendez\u0151 \u00e9s producer volt, aki \u00fatt\u00f6r\u0151 szerepet j\u00e1tszott a fesz\u00fclts\u00e9g \u00e9s a thriller m\u0171fajokban. Sz\u00fcl\u0151haz\u00e1j\u00e1ban, Nagy -Britanni\u00e1ban folytatott jelent\u0151s filmes karrierje ut\u00e1n Hollywoodba k\u00f6lt\u00f6z\u00f6tt, \u00e9s 1956 -ban amerikai \u00e1llampolg\u00e1r lett, b\u00e1r brit alany maradt. V\u00e9g\u00fcl t\u00f6bb mint \u00f6tven j\u00e1t\u00e9kfilmet rendezett hat \u00e9vtizedes karrierje sor\u00e1n, a n\u00e9mafilm -korszakt\u00f3l a talkie -k feltal\u00e1l\u00e1s\u00e1n \u00e1t a sz\u00ednkorszakig.<\/p>\n\n\n\n<p>Sir Isaac Newton FRS<br>(1643. janu\u00e1r 4. &#8211; 1727. m\u00e1rcius 31.)<br>angol fizikus, matematikus, csillag\u00e1sz, teol\u00f3gus, term\u00e9szetfiloz\u00f3fus \u00e9s alkimista volt, aki a tudom\u00e1nyt\u00f6rt\u00e9net legnagyobb alkot\u00e1sa volt, le\u00edrta az univerz\u00e1lis gravit\u00e1ci\u00f3t \u00e9s a h\u00e1rom mozg\u00e1st\u00f6rv\u00e9nyt, megalapozva a tudom\u00e1nyos n\u00e9zeteket ural\u00f3 klasszikus mechanik\u00e1t a fizikai vil\u00e1gegyetemben a k\u00f6vetkez\u0151 h\u00e1rom \u00e9vsz\u00e1zadban, \u00e9s ez a modern m\u00e9rn\u00f6ki tev\u00e9kenys\u00e9g alapja. Megmutatta, hogy a F\u00f6ld\u00f6n l\u00e9v\u0151 t\u00e1rgyak \u00e9s az \u00e9gitestek mozg\u00e1s\u00e1t ugyanazok a term\u00e9szeti t\u00f6rv\u00e9nyek szab\u00e1lyozz\u00e1k, bemutatva a Kepler -f\u00e9le bolyg\u00f3mozg\u00e1s t\u00f6rv\u00e9nyei \u00e9s a gravit\u00e1ci\u00f3 elm\u00e9lete k\u00f6z\u00f6tti \u00f6sszhangj\u00e1t.<\/p>\n\n\n\n<p>Jane Austen<br>(1775. december 16. &#8211; 1817. j\u00falius 18.)<br>brit reg\u00e9ny\u00edr\u00f3 volt, akinek a realizmusa, a harap\u00f3s t\u00e1rsadalmi komment\u00e1rok, valamint a k\u00f6zvetett sz\u00f3l\u00e1sszabads\u00e1g, a burleszk \u00e9s az ir\u00f3nia mesteri haszn\u00e1lata a brit irodalom egyik legolvasottabb \u00e9s legkedveltebb \u00edr\u00f3jak\u00e9nt nyerte el a hely\u00e9t<\/p>\n\n\n\n<p>Albert Einstein<br>(1879. m\u00e1rcius 14. &#8211; 1955. \u00e1prilis 18.)<br>n\u00e9met sz\u00e1rmaz\u00e1s\u00fa elm\u00e9leti fizikus volt. Legink\u00e1bb a relativit\u00e1selm\u00e9let\u00e9r\u0151l \u00e9s k\u00fcl\u00f6n\u00f6sen a t\u00f6meg-energia egyen\u00e9rt\u00e9k\u0171s\u00e9g\u00e9r\u0151l ismert, E = mc 2 . Einstein kapta az 1921 -es fizikai Nobel -d\u00edjat &#8220;az elm\u00e9leti fizika szolg\u00e1lat\u00e1\u00e9rt, \u00e9s k\u00fcl\u00f6n\u00f6sen a fotoelektromos hat\u00e1s t\u00f6rv\u00e9ny\u00e9nek felfedez\u00e9s\u00e9\u00e9rt.<\/p>\n\n\n\n<p>Hans Christian Andersen vagy egyszer\u0171en HC Andersen<br>(1805. \u00e1prilis 2. &#8211; 1875. augusztus 4.)<br>d\u00e1n \u00edr\u00f3 \u00e9s k\u00f6lt\u0151 volt, legismertebb mes\u00e9ir\u0151l. Legismertebb t\u00f6rt\u00e9netei k\u00f6z\u00f6tt szerepel a &#8220;H\u00f3kir\u00e1lyn\u0151&#8221;, &#8220;A kis hable\u00e1ny&#8221;, &#8220;A cs\u00e1sz\u00e1r \u00faj ruh\u00e1ja&#8221; \u00e9s a &#8220;Cs\u00fanya kiskacsa&#8221;. Andersen \u00e9lete sor\u00e1n a kir\u00e1lyi uralom fogs\u00e1g\u00e1ba esett, \u00e9s elismert\u00e9k, hogy \u00f6r\u00f6met okozott a gyermekeknek Eur\u00f3pa -szerte. Mes\u00e9it j\u00f3val t\u00f6bb mint sz\u00e1z nyelvre ford\u00edtott\u00e1k le, \u00e9s tov\u00e1bbra is &#8220;milli\u00f3nyi p\u00e9ld\u00e1nyban szerte a vil\u00e1gon&#8221; jelennek meg.<\/p>\n\n\n\n<p>Henry Cavendish<br>(1731. okt\u00f3ber 10. &#8211; 1810. febru\u00e1r 24.)<br>brit tud\u00f3s volt, aki felfedezte a hidrog\u00e9nt vagy az \u00fagynevezett &#8220;gy\u00fal\u00e9kony leveg\u0151t&#8221;. Az 1766 -os &#8220;On Factitious Airs&#8221; c\u00edm\u0171 dokumentumban le\u00edrta az \u00e9ghet\u0151 leveg\u0151 s\u0171r\u0171s\u00e9g\u00e9t, amely az \u00e9g\u00e9s sor\u00e1n vizet k\u00e9pezett. Antoine Lavoisier k\u00e9s\u0151bb reproduk\u00e1lta Cavendish k\u00eds\u00e9rlet\u00e9t, \u00e9s megadta az elem nev\u00e9t. Cavendish a F\u00f6ld s\u0171r\u0171s\u00e9g\u00e9nek m\u00e9r\u00e9s\u00e9r\u0151l \u00e9s az elektromoss\u00e1g korai kutat\u00e1s\u00e1r\u00f3l is ismert.<\/p>\n\n\n\n<p>Charles Robert Darwin<br>(1809. febru\u00e1r 12. &#8211; 1882. \u00e1prilis 19.)<br>angol term\u00e9szettud\u00f3s volt Miut\u00e1n a tud\u00f3sok k\u00f6r\u00e9ben kiemelked\u0151 lett a terepmunk\u00e1ja \u00e9s a geol\u00f3gia ir\u00e1nti kutat\u00e1sok miatt, tudom\u00e1nyos bizony\u00edt\u00e9kokat javasolt \u00e9s szolg\u00e1ltatott arra vonatkoz\u00f3an, hogy az \u00e9let minden faja az id\u0151k folyam\u00e1n egy vagy n\u00e9h\u00e1ny k\u00f6z\u00f6s \u0151sb\u0151l fejl\u0151d\u00f6tt ki a term\u00e9szetes kiv\u00e1laszt\u00f3d\u00e1s folyamata sor\u00e1n. esem\u00e9nyt a tudom\u00e1nyos k\u00f6z\u00f6ss\u00e9g \u00e9s a nagyk\u00f6z\u00f6ns\u00e9g m\u00e9g \u00e9let\u00e9ben elfogadta, m\u00edg a term\u00e9szetes kiv\u00e1laszt\u00f3d\u00e1s elm\u00e9let\u00e9t sz\u00e9les k\u00f6rben \u00fagy tekintett\u00e9k, mint az evol\u00faci\u00f3 folyamat\u00e1nak els\u0151dleges magyar\u00e1zat\u00e1t az 1930 -as \u00e9vekben, \u00e9s most ez k\u00e9pezi a modern evol\u00faci\u00f3s elm\u00e9let alapj\u00e1t. M\u00f3dos\u00edtott form\u00e1ban,<\/p>\n\n\n\n<p>Satoshi Tajiri<\/p>\n\n\n\n<ol start=\"1965\"><li>augusztus 28 -\u00e1n sz\u00fcletett)<br>jap\u00e1n elektronikus j\u00e1t\u00e9ktervez\u0151 \u00e9s a Pocket Monsters , ismertebb nev\u00e9n Pok\u00e9mon megalkot\u00f3ja . Tajiri a Nintend\u00f3hoz ment dolgozni, \u00e9s a k\u00f6vetkez\u0151 hat \u00e9vet a Pok\u00e9monon dolgozta. Bar\u00e1ts\u00e1gba ker\u00fclt Shigeru Miyamoto -val, a Mario , a The Legend of Zelda , a Pikmin \u00e9s a Donkey Kong megalkot\u00f3j\u00e1val , aki szint\u00e9n Tajiri mentora lett. Tajiri \u00e9s Miyamoto tiszteleg\u00e9sek\u00e9nt Ash Ketchum (a j\u00e1t\u00e9kokban a &#8220;Red&#8221; anime p\u00e1rja) Satoshi\u00e9s Gary Oak (az angol j\u00e1t\u00e9kokban a &#8220;Blue&#8221; anime megfelel\u0151je, az eredeti jap\u00e1n v\u00e1ltozatban a &#8220;Green&#8221;) Shigeru n\u00e9vre hallgat a Pok\u00e9mon jap\u00e1n v\u00e1ltozat\u00e1ban. Legut\u00f3bb Tajiri (a Nintendo eln\u00f6k\u00e9vel, Satoru Iwat\u00e1val egy\u00fctt) \u00fcgyvezet\u0151 producerk\u00e9nt dolgozott a Game Boy Advance ScrewBreaker j\u00e1t\u00e9kon, amelyet Jap\u00e1non k\u00edv\u00fcl adtak ki Drill Dozer n\u00e9ven .<br>Satoshi Tajirit \u00e1ll\u00edt\u00f3lag Asperger -szindr\u00f3m\u00e1ban diagnosztiz\u00e1lt\u00e1k az Independent.co.uk szerint, de a Game freak inc sajt\u00f3\u00fcgyeletese felvette velem a kapcsolatot, mondv\u00e1n, hogy ez az inform\u00e1ci\u00f3 nem helyt\u00e1ll\u00f3.<\/li><\/ol>\n\n\n\n<p>Charles Monroe Schulz<br>(1922. november 26. &#8211; 2000. febru\u00e1r 12.)<br>sz\u00e1zadi amerikai karikaturista volt, vil\u00e1gszerte legismertebb Peanuts k\u00e9preg\u00e9ny\u00e9r\u0151l . Schulz rajzait el\u0151sz\u00f6r Robert Ripley publik\u00e1lta Ripley Believe it or Not! . Els\u0151 rendszeres karikat\u00far\u00e1it, a Li&#8217;l Folks c\u00edm\u0171 filmet 1947 \u00e9s 1950 k\u00f6z\u00f6tt adta ki a St. Paul Pioneer Press ; el\u0151sz\u00f6r a Charlie Brown nevet haszn\u00e1ltaegy ottani karakterre, b\u00e1r a nevet n\u00e9gy gegben alkalmazta h\u00e1rom k\u00fcl\u00f6nb\u00f6z\u0151 fi\u00fara \u00e9s egy homokba temetve. A sorozatnak volt egy kuty\u00e1ja is, amely nagyon hasonl\u00edtott Snoopy -ra. 1948 -ban Schulz karikat\u00far\u00e1t adott el a Saturday Evening Postnak ; Schulz tizenh\u00e9t egypaneles karikat\u00far\u00e1ja k\u00f6z\u00fcl az els\u0151, amelyet ott k\u00f6z\u00f6lnek. 1948 -ban Schulz megpr\u00f3b\u00e1lta el\u00e9rni, hogy a Li&#8217;l Folks szindik\u00e1lt legyen a Newspaper Enterprise Association -en kereszt\u00fcl. Schulz f\u00fcggetlen v\u00e1llalkoz\u00f3 lett volna a szindik\u00e1tus sz\u00e1m\u00e1ra, a 1940 -es \u00e9vekben hallatlanul, de az \u00fczlet meghi\u00fasult. Li&#8217;l Folks 1950 janu\u00e1rj\u00e1ban ejtett\u00e9k<\/p>\n\n\n\n<p>Thomas Jefferson<br>(1743. \u00e1prilis 13. &#8211; 1826. j\u00falius 4.)<br>Politikai filoz\u00f3fusk\u00e9nt Jefferson a felvil\u00e1gosod\u00e1s embere volt, \u00e9s sok szellemi vezet\u0151t ismert Nagy -Britanni\u00e1ban \u00e9s Franciaorsz\u00e1gban. A k\u00f6zt\u00e1rsas\u00e1gi er\u00e9nyek p\u00e9ldak\u00e9pe, a bizalmatlan v\u00e1rosok \u00e9s a finansz\u00edroz\u00f3k, valamint az \u00e1llamok jogainak \u00e9s a szigor\u00faan korl\u00e1tozott sz\u00f6vets\u00e9gi korm\u00e1nynak az idealist\u00e1ja volt. Jefferson t\u00e1mogatta az egyh\u00e1z \u00e9s az \u00e1llam sz\u00e9tv\u00e1laszt\u00e1s\u00e1t, \u00e9s \u0151 volt a Virginia Vall\u00e1sszabads\u00e1g Stat\u00fatum (1779, 1786) szerz\u0151je. \u0150 volt a jeffersoni demokr\u00e1cia n\u00e9vad\u00f3ja, valamint a Demokrata-Republik\u00e1nus P\u00e1rt t\u00e1rsalap\u00edt\u00f3ja \u00e9s vezet\u0151je, amely negyed \u00e9vsz\u00e1zada uralta az amerikai politik\u00e1t.<\/p>\n\n\n\n<p>Michelangelo di Lodovico Buonarroti Simoni<br>(1475. m\u00e1rcius 6. &#8211; 1564. febru\u00e1r 18.)<br>k\u00f6zismert nev\u00e9n Michelangelo , olasz renesz\u00e1nsz fest\u0151, szobr\u00e1sz, \u00e9p\u00edt\u00e9sz, k\u00f6lt\u0151 \u00e9s m\u00e9rn\u00f6k volt. Annak ellen\u00e9re, hogy a m\u0171v\u00e9szeteken t\u00fal kev\u00e9s t\u00e1mad\u00e1st hajtott v\u00e9gre, sokr\u00e9t\u0171s\u00e9ge az \u00e1ltala felvett tudom\u00e1ny\u00e1gakban olyan magas szint\u0171 volt, hogy gyakran vet\u00e9lyt\u00e1rsnak tartj\u00e1k az archetipikus renesz\u00e1nsz ember c\u00edm\u00e9rt, riv\u00e1lis\u00e1val \u00e9s t\u00e1rs\u00e1val, olasz Leonardo da Vinci -vel egy\u00fctt.<\/p>\n\n\n\n<p>Wolfgang Mozart<br>(1756. janu\u00e1r 27. &#8211; 1791. december 5.)<br>a klasszikus korszak term\u00e9keny \u00e9s befoly\u00e1sos zeneszerz\u0151je volt. T\u00f6bb mint 600 szerzem\u00e9nye a szimfonikus, a koncertzene, a kamara, a zongora, az opera \u00e9s a k\u00f3rus zene cs\u00facspontjak\u00e9nt elismert m\u0171veket tartalmaz. Mozart a klasszikus zeneszerz\u0151k k\u00f6z\u00f6tt a legn\u00e9pszer\u0171bbek k\u00f6z\u00e9 tartozik, \u00e9s sz\u00e1mos m\u0171ve a standard koncertreperto\u00e1r r\u00e9sze.<br>A kital\u00e1lt m\u0171vek szerz\u0151i Mozart \u00e9let\u00e9t leny\u0171g\u00f6z\u0151 nyersanyagforr\u00e1snak tal\u00e1lt\u00e1k. K\u00fcl\u00f6n\u00f6sen n\u00e9pszer\u0171 eset a felt\u00e9telezett rivaliz\u00e1l\u00e1s Mozart \u00e9s Antonio Salieri k\u00f6z\u00f6tt, k\u00fcl\u00f6n\u00f6sen az, hogy ez ut\u00f3bbit\u00f3l kapott m\u00e9reg okozta Mozart hal\u00e1l\u00e1t; err\u0151l sz\u00f3l Aleksandr Puskin Mozart \u00e9s Salieri c\u00edm\u0171 darabja \u00e9s Nicolai Rimsky-Korsakov Mozart \u00e9s Salieri c\u00edm\u0171 oper\u00e1ja . Az \u00f6tlet egy\u00e1ltal\u00e1n nem t\u00e1mogatja a modern tud\u00f3sokat. A modern k\u00f6z\u00f6ns\u00e9get megragadta Mozart \u00e9let\u00e9nek besz\u00e1mol\u00f3ja, amelyet Peter Shaffer Amadeus c\u00edm\u0171 darabja adott, valamint a darab alapj\u00e1n k\u00e9sz\u00fclt film. \u00dagy t\u0171nik, Shaffert k\u00fcl\u00f6n\u00f6sen az a kontraszt vette \u00e1t, amely Mozart vulg\u00e1ris \u00e9lvezete (fentebb m\u00e1r eml\u00edtett\u00fck) \u00e9s zen\u00e9je magasztos jellege k\u00f6z\u00f6tt van. Shaffer m\u0171v\u00e9nek jelenete, amelyben Mozart zen\u00e9t dikt\u00e1l Salierinek a hal\u00e1l\u00e1gy\u00e1n, teljes m\u00e9rt\u00e9kben a szerz\u0151 fant\u00e1zi\u00e1ja; arra a k\u00e9rd\u00e9sre, hogy Mozart egy\u00e1ltal\u00e1n dikt\u00e1lt -e a hal\u00e1l\u00e1gy\u00e1n, l\u00e1sd<\/p>\n\n\n\n<p>George Orwell<br>(1903. j\u00fanius 25. &#8211; 1950. janu\u00e1r 21.)<br>George Orwell, aki angol \u00edr\u00f3 \u00e9s \u00fajs\u00e1g\u00edr\u00f3 volt, aki j\u00f3l ismert, mint reg\u00e9ny\u00edr\u00f3, kritikus \u00e9s a politika \u00e9s a kult\u00fara komment\u00e1tora, a huszadik sz\u00e1zad egyik legkedveltebb angol nyelv\u0171 essz\u00e9\u00edr\u00f3ja, \u00e9s k\u00e9t totalit\u00e1rius kritik\u00e1j\u00fa reg\u00e9ny\u00e9r\u0151l is h\u00edres. t\u00e1bornok ( Tizenkilencvennyolczn\u00e9gy ), \u00e9s k\u00fcl\u00f6n\u00f6sen a szt\u00e1linizmus ( \u00c1llatfarm ), amelyet \u00e9lete v\u00e9ge fel\u00e9 \u00edrt \u00e9s publik\u00e1lt<\/p>\n\n\n\n<p>Ludwig van Beethoven<br>(1770. december 16. &#8211; 1827. m\u00e1rcius 26.)<br>n\u00e9met zeneszerz\u0151 \u00e9s virtu\u00f3z zongoram\u0171v\u00e9sz volt. A nyugati klasszikus zene klasszikus \u00e9s romantikus korszaka k\u00f6z\u00f6tti \u00e1tmeneti id\u0151szak meghat\u00e1roz\u00f3 szem\u00e9lyis\u00e9ge volt, \u00e9s minden id\u0151k egyik legelismertebb \u00e9s legbefoly\u00e1sosabb zeneszerz\u0151je.<\/p>\n\n\n\n<p>Thomas Edison<br>(1847. febru\u00e1r 11. &#8211; 1931. okt\u00f3ber 18.)<br>amerikai feltal\u00e1l\u00f3 \u00e9s \u00fczletember volt, aki sz\u00e1mos olyan eszk\u00f6zt fejlesztett ki, amelyek nagym\u00e9rt\u00e9kben befoly\u00e1solt\u00e1k az \u00e9letet szerte a vil\u00e1gon, bele\u00e9rtve a fonogr\u00e1fot \u00e9s a hossz\u00fa \u00e9lettartam\u00fa izz\u00f3t. \u0151 volt az egyik els\u0151 feltal\u00e1l\u00f3, aki a tal\u00e1lm\u00e1ny szerinti elj\u00e1r\u00e1sban alkalmazta a t\u00f6megtermel\u00e9s elveit, ez\u00e9rt gyakran az els\u0151 ipari kutat\u00f3laborat\u00f3rium l\u00e9trehoz\u00e1s\u00e1nak tulajdon\u00edtj\u00e1k.<\/p>\n\n\n\n<p>Michael Jackson<br>(1958. augusztus 29. &#8211; 2009. j\u00fanius 25.)<br>A popkir\u00e1ly n\u00e9ven ismert amerikai zen\u00e9sz \u00e9s minden id\u0151k egyik legnagyobb kereskedelmi siker\u0171 \u00e9s legbefoly\u00e1sosabb sz\u00f3rakoztat\u00f3ja. Egyedi hozz\u00e1j\u00e1rul\u00e1sa a zen\u00e9hez \u00e9s a t\u00e1nchoz, valamint a nagy nyilv\u00e1noss\u00e1got kapott szem\u00e9lyes \u00e9let, t\u00f6bb mint n\u00e9gy \u00e9vtizeden kereszt\u00fcl a popul\u00e1ris kult\u00fara kiemelked\u0151 alakj\u00e1v\u00e1 tette.<br>Michael Jackson minden bizonnyal Asperger -szindr\u00f3ma (AS) jeleit mutatja. Szokatlan viselked\u00e9s\u00e9t gyakran felnevelt\u00e9k, de testv\u00e9rei viszonylag norm\u00e1lisak, hasonl\u00f3 nevel\u00e9s\u0171ek, ez\u00e9rt nem \u00e9rzem, hogy ez az oka. Michaelt gyakran f\u00e9l\u00e9nknek tartj\u00e1k, \u00e9s nehezen tud viszonyulni sok emberhez. Bar\u00e1tai n\u00e9h\u00e1ny ember, akikkel k\u00f6z\u00f6s \u00e9rdekei vannak, k\u00fcl\u00f6n\u00f6sen a gyermekszt\u00e1r h\u00e1ttere. Legt\u00f6bbsz\u00f6r \u00fagy t\u0171nik, hogy k\u00e9pes a gyerekekkel kapcsolatba l\u00e9pni, de tal\u00e1n t\u00fckr\u00f6zi azt a t\u00e1rsadalmi \u00e9retlens\u00e9get, amely Asperger eset\u00e9ben megfigyelhet\u0151. Az \u00e9retts\u00e9gi szintt\u0151l f\u00fcggetlen\u00fcl \u00fagy t\u0171nik, hogy az Asperger -k\u00f3ros emberek jobban \u00e9rzik magukat az id\u0151sebbekkel vagy fiatalabbakkal, mint t\u00e1rsaik. Ezt soha nem er\u0151s\u00edtett\u00e9k meg, de sok forr\u00e1s \u00fagy v\u00e9li, hogy lehets\u00e9ges, hogy Asperger -szindr\u00f3m\u00e1ban szenved.<\/p>\n\n\n\n<p>Mark Twain<br>(1835. november 30. &#8211; 1910. \u00e1prilis 21.)<br>Sz\u00fcletett Samuel Langhorne Clemens Mark Mark Twain n\u00e9ven ismert amerikai \u00edr\u00f3 \u00e9s humorista. Twain legink\u00e1bb a Huckleberry Finn kalandjai c\u00edm\u0171 reg\u00e9nyeir\u0151l h\u00edres, amelyeket az\u00f3ta Nagy Amerikai reg\u00e9nynek \u00e9s Tom Sawyer kalandjainak neveznek. Sz\u00e9les k\u00f6rben id\u00e9zik. \u00c9lete sor\u00e1n Twain az eln\u00f6k\u00f6k, m\u0171v\u00e9szek, iparosok \u00e9s az eur\u00f3pai kir\u00e1lyok bar\u00e1tja lett.<br>Twain hatalmas nyilv\u00e1nos n\u00e9pszer\u0171s\u00e9gnek \u00f6rvendett. \u00c9les esze \u00e9s \u00e9les szat\u00edr\u00e1ja elismer\u00e9st szerzett mind a kritikusok, mind a t\u00e1rsak r\u00e9sz\u00e9r\u0151l. William Faulkner Twain -t az &#8220;amerikai irodalom atyj\u00e1nak&#8221; nevezte<\/p>\n\n\n\n<p>Henry Ford<br>(1863. j\u00falius 30. &#8211; 1947. \u00e1prilis 7.)<br>volt a Ford Motor Company amerikai alap\u00edt\u00f3ja \u00e9s a t\u00f6meggy\u00e1rt\u00e1sban haszn\u00e1lt modern szerelv\u00e9nysorok atyja. A modell T bevezet\u00e9se forradalmas\u00edtotta a sz\u00e1ll\u00edt\u00e1st \u00e9s az amerikai ipart. Term\u00e9keny feltal\u00e1l\u00f3 volt, \u00e9s 161 amerikai szabadalmat kapott. A Ford Motor Company tulajdonosak\u00e9nt a vil\u00e1g egyik leggazdagabb \u00e9s legismertebb embere lett<\/p>\n\n\n\n<p>De mi az Asperger szindr\u00f3ma? Ez egy fejl\u0151d\u00e9si rendelleness\u00e9g, amelyet a t\u00e1rsadalmi interakci\u00f3 \u00e9s a nem verb\u00e1lis kommunik\u00e1ci\u00f3 jelent\u0151s neh\u00e9zs\u00e9gei jellemeznek, a viselked\u00e9si mint\u00e1k \u00e9s a korl\u00e1tozott \u00e9s ism\u00e9tl\u0151d\u0151 \u00e9rdekek mellett.<br>Sz\u00fcks\u00e9ges tiszt\u00e1zni, hogy vannak k\u00fcl\u00f6nb\u00f6z\u0151 szintek is. N\u00e9h\u00e1ny ember egy\u00e9rtelm\u0171bb t\u00fcneteket mutat, m\u00edg m\u00e1sokat alig \u00e9szlelnek, mert sokkal kev\u00e9sb\u00e9 agressz\u00edv m\u00f3don jelentkezik.<\/p>\n\n\n\n<p>A pszichol\u00f3gusok, az orvosok, a pedag\u00f3gusok, a sz\u00fcl\u0151k m\u00e9g napjainkban is meglehet\u0151sen tapasztalatlanok, t\u00e1j\u00e9kozatlanok f\u0151k\u00e9nt a l\u00e1nyok eset\u00e9ben megfigyelhet\u0151 autisztikus zavart \u00e9s az Asperger-szindr\u00f3m\u00e1t illet\u0151en, ez\u00e9rt sajnos a vizsg\u00e1lt szem\u00e9lyt gyakran f\u00e9lrediagnosztiz\u00e1lj\u00e1k. Amint azt a betegs\u00e9gben szenved\u0151 h\u00edress\u00e9gek \u00e9lete is mutatja, az Asperger-szindr\u00f3ma val\u00f3sz\u00edn\u0171leg az emberi faj evol\u00faci\u00f3j\u00e1nak egyik, valami okn\u00e1l fogva jelent\u0151s \u00e9s \u00e9rt\u00e9kes \u00e1llom\u00e1sa lehet. Sz\u00e1mos vezet\u0151 politikus, uralkod\u00f3 szenvedett ebben a betegs\u00e9gben.<\/p>\n\n\n\n<p>Nagy S\u00e1ndornak<br>birtokl\u00e1si k\u00e9nyszere volt. Az autist\u00e1k nagy sz\u00e1zal\u00e9k\u00e1n\u00e1l megfigyelhet\u0151 a t\u00e1rgyak gy\u0171jt\u00e9se, a hozz\u00e1juk val\u00f3 g\u00f6rcs\u00f6s ragaszkod\u00e1s.<\/p>\n\n\n\n<p>Kleop\u00e1tra<br>\u00e9s m\u00e1s egyiptomi uralkod\u00f3k \u00e1lszak\u00e1llt viseltek. Az emberi agyban a neuronok felel\u0151sek az \u00e9rz\u00e9kel\u00e9s, a gondolatok, az \u00e9rzelmek \u00e1tvitel\u00e9\u00e9rt, tov\u00e1bb\u00edt\u00e1s\u00e1\u00e9rt. Kutat\u00e1sok az \u00e9r\u00e9s folyamata sor\u00e1n a hormonok n\u0151kre gyakorolt \u201eer\u0151teljes neurol\u00f3giai hat\u00e1s\u00e1r\u00f3l\u201d sz\u00e1moltak be.<\/p>\n\n\n\n<p>A n\u0151k az emp\u00e1ti\u00e1t illet\u0151en fejlettebbek, m\u00edg a f\u00e9rfiak hagyom\u00e1nyosan a szervez\u0151 k\u00e9pess\u00e9gekben jobbak. Ha egy autista n\u0151 jobb szervez\u0151 k\u00e9szs\u00e9ggel van meg\u00e1ldva, s kapcsolataiban kev\u00e9sb\u00e9 enged teret n\u0151i jelleme er\u0151ss\u00e9geinek (pl. az er\u0151s bar\u00e1ti k\u00f6tel\u00e9knek, a gondoz\u00e1s k\u00e9sztet\u00e9s\u00e9nek, a konfliktushelyzetek megel\u0151z\u00e9s\u00e9nek \u00e9s elsim\u00edt\u00e1s\u00e1nak stb.), s helyette f\u00e9rfiakra jellemz\u0151 m\u00f3don kezd viselkedni (feladatorient\u00e1lt, agressz\u00edv magatart\u00e1sform\u00e1kat r\u00e9szes\u00edt el\u0151nyben), kik\u00f6z\u00f6s\u00edtett, irigyelt, szoci\u00e1lisan izol\u00e1lt szem\u00e9lly\u00e9 v\u00e1lhat. Ez az \u00e9rzelmi \u201eelf\u00e9rfiasod\u00e1s\u201d kapcsolati konfliktusokat, az intim viszonyok hi\u00e1ny\u00e1t, nemi szerepzavart, identit\u00e1szavart eredm\u00e9nyezhet.<\/p>\n\n\n\n<p>IV. Lajos,<br>a franci\u00e1k kegyeltj\u00e9r\u0151l nagy kedvenc\u00e9r\u0151l k\u00f6ztudott volt, hogy az \u00e1tlagosn\u00e1l k\u00e9tszer nagyobb gyomra volt, s hogy \u00e9vente csup\u00e1n egyszer f\u00fcrd\u00f6tt. Az Aspergeresek sz\u00e1m\u00e1ra a higi\u00e9n\u00e9s szab\u00e1lyok betart\u00e1sa, a megfelel\u0151 ruh\u00e1zkod\u00e1s komoly neh\u00e9zs\u00e9get okozhat. F\u0151k\u00e9nt igaz ez a kiugr\u00f3an magas IQ-val rendelkez\u0151 \u00e9s a szagingerekre hiper\u00e9rz\u00e9kenyen reag\u00e1l\u00f3 szem\u00e9lyek sz\u00e1m\u00e1ra. A szappan \u00e9s a parf\u00fcm illata sz\u00e1mukra elviselhetetlen.<\/p>\n\n\n\n<p>Nagy P\u00e9ter<br>\u00e1ll\u00edt\u00f3lag meggyilkolta feles\u00e9ge szeret\u0151j\u00e9t, s arra \u201ek\u00e9nyszer\u00edtette az asszonyt, hogy szeret\u0151je fej\u00e9t alkoholban tart\u00f3s\u00edtva h\u00e1l\u00f3szob\u00e1j\u00e1ban \u0151rizze\u201d. A kisz\u00e1m\u00edthatatlan, irracion\u00e1lis hangulatok, \u00e9rzelmi kit\u00f6r\u00e9sek, hiszt\u00e9ri\u00e1s rohamok nem ritk\u00e1k a vizsg\u00e1lt szem\u00e9lyek k\u00f6z\u00f6tt.<\/p>\n\n\n\n<p>Nagy Katalin<br>c\u00e1rn\u0151 sz\u00e1m\u00e1ra az jelentette a pihen\u00e9st, ha csiklandozt\u00e1k. A gyeng\u00e9d, vagy finom \u00e9rint\u00e9s az Aspergeresek sz\u00e1m\u00e1ra fejletlen \u00e9rz\u00e9keik miatt alig \u00e9lvezhet\u0151.<\/p>\n\n\n\n<p>II. Vilmos n\u00e9met<br>cs\u00e1sz\u00e1r elsorvadt karj\u00e1t gyakran egy kardon pihentetve vagy egy keszty\u0171t tartva pr\u00f3b\u00e1lta elrejteni m\u00e1sok szeme el\u00f6l. Az Asperger-szindr\u00f3m\u00e1sok gyeng\u00e9iket mesterien tudj\u00e1k leplezni.<\/p>\n\n\n\n<p>M\u00e9g a kir\u00e1lyokn\u00e1l is megfigyelhet\u0151 azonban az Aspergeresekre fokozottan jellemz\u0151 tulajdons\u00e1g, hogy a kudarc\u00e9lm\u00e9nyt nehezen kezelik, az a szindr\u00f3m\u00e1t \u00e1rny\u00e9kk\u00e9nt k\u00eds\u00e9ri, ez\u00e9rt a neh\u00e9z id\u0151szakokban fokozott t\u00e1mogat\u00e1sra volt sz\u00fcks\u00e9g\u00fck.<\/p>\n\n\n\n<p>Becsl\u00e9sek szerint az Asperger-szindr\u00f3m\u00e1sok 30-50%-a nincs diagnosztiz\u00e1lva.<\/p>\n\n\n\n<p>A diagn\u00f3zist megnehez\u00edti, hogy nincs \u00e1ltal\u00e1nosan elfogadott diagnosztikai krit\u00e9riumrendszere. Ez az\u00e9rt is lehet, mert az enyh\u00e9bb megnyilv\u00e1nul\u00e1s\u00e1t nem olyan egyszer\u0171 felismerni, az adott illet\u0151 tal\u00e1n csak furcs\u00e1nak vagy \u00e9rz\u00e9ketlennek t\u0171nhet, vagy ha volt is vizsg\u00e1lva, f\u00e9lrediagnosztiz\u00e1lt\u00e1k. Az interneten m\u00e1r egy\u00e9bk\u00e9nt t\u00f6bb Asperger teszt is el\u00e9rhet\u0151, ahol tesztelhetj\u00fck magunkat, de l\u00e1ssuk is kicsit r\u00e9szletesebben, mir\u0151l is van sz\u00f3.<\/p>\n\n\n\n<p>Az Asperger-szindr\u00f3ma az autizmus spektrumzavarok k\u00f6z\u00e9 tartozik. \u00c1ltal\u00e1nos jellemz\u0151je lehet az \u00e1tlagos vagy magas intelligenciaszint, kommunik\u00e1ci\u00f3s, \u00f6nkifejez\u00e9si probl\u00e9m\u00e1k, a szemkontaktus ker\u00fcl\u00e9se, g\u00f6rcs\u00f6s ragaszkod\u00e1s a szab\u00e1lyokhoz, depresszi\u00f3, fesz\u00fclts\u00e9g, apr\u00f3l\u00e9kos besz\u00e9d, stb. Az aspergeresekr\u0151l elmondhat\u00f3, hogy nem tudj\u00e1k \u00e9rtelmezni a testbesz\u00e9det, gesztusokat vagy az arcmimik\u00e1t sem, ezek pedig a kommunik\u00e1ci\u00f3 alappill\u00e9rei. Gondoljunk csak bele, milyen lenne, ha nem tudn\u00e1nk meg\u00e1llap\u00edtani, valaki mikor ironiz\u00e1l, testbesz\u00e9de alapj\u00e1n mikor d\u00fch\u00f6s, fesz\u00fclt vagy boldog, stb. Nekik nincsen v\u00e1gyuk arra sem, hogy t\u00e1rsas kapcsolatokban r\u00e9szt vegyenek, \u00e9rzelmileg k\u00f6t\u0151djenek.<\/p>\n\n\n\n<p>Az autist\u00e1khoz hasonl\u00f3an \u0151k is hajlamosak belefeledkezni egy-egy ter\u00fcletbe \u00e9s szak\u00e9rt\u0151v\u00e9 kik\u00e9pezni magukat, viszont a k\u00fcl\u00f6nbs\u00e9g pl. egy autista \u00e9s egy aspergeres k\u00f6z\u00f6tt az, hogy n\u00e1luk nem jelentkezik a megk\u00e9sett besz\u00e9dfejl\u0151d\u00e9s probl\u00e9m\u00e1ja, nincs jele kognit\u00edv fejl\u0151d\u00e9si k\u00e9sedelemnek, koruknak megfelel\u0151en viselkednek. Persze, a nyelvhaszn\u00e1latuk gyakran elt\u00e9r a megszokott\u00f3l, s ahogy a testbesz\u00e9d eset\u00e9ben is, nem tudj\u00e1k \u00e9rtelmezni a k\u00fcl\u00f6nb\u00f6z\u0151 \u00e1rnyalatokat, \u00e9s gyakran mindent sz\u00f3 szerint \u00e9rtenek. Nincs m\u00f6g\u00f6ttes jelent\u00e9s, metafora, ezek meg\u00e9rz\u00e9se sz\u00e1mukra neh\u00e9zs\u00e9get okoz.<\/p>\n\n\n\n<p>De hogy mi a szakirodalom szerinti az aspergereseket illet\u0151en legink\u00e1bb \u00e9rintett, s\u00e9r\u00fclt ter\u00fclet? Az emp\u00e1tia. Azaz az egy\u00fctt\u00e9rz\u00e9s, \u00e1t\u00e9rz\u00e9s, bele\u00e9l\u00e9s, vagy mondhatn\u00e1m ak\u00e1r a kapcsolatteremt\u00e9sre val\u00f3 ig\u00e9ny \u00e9s k\u00e9pess\u00e9g hi\u00e1ny\u00e1t, a bar\u00e1tkoz\u00e1s neh\u00e9zs\u00e9geit. B\u00e1r nem z\u00e1rk\u00f3znak el az emberi kapcsolatokt\u00f3l, p\u00e1rbesz\u00e9d eset\u00e9n \u00e9szrevehet\u0151, hogy ragaszkodnak egy konkr\u00e9t, az \u0151ket \u00e9rdekl\u0151 t\u00e9mak\u00f6rh\u00f6z \u00e9s att\u00f3l nehezen vonatkoztatnak el.<\/p>\n\n\n\n<p>Viszont, k\u00e9rd\u00e9s, hogy ha az Asperger-szindr\u00f3m\u00e1nak vannak enyhe v\u00e1ltozatai, amik nehezen felismerhet\u0151k, illetve az\u00e9rt a t\u00f6bbs\u00e9g egy\u00e1ltal\u00e1n nem v\u00e9gez el csak \u00fagy egy erre vonatkoz\u00f3 tesztet m\u00e9g az interneten sem: vajon az emberis\u00e9g h\u00e1ny sz\u00e1zal\u00e9k\u00e1t s\u00fajtja ez a betegs\u00e9g? Mert p\u00e9ld\u00e1ul azokn\u00e1l a gyerekekn\u00e9l, ahol konkr\u00e9tan meg\u00e1llap\u00edthat\u00f3, hogy aspergeresek, \u00e1ltal\u00e1ban a sz\u00fcl\u0151kn\u00e9l is kimutathat\u00f3 annak enyhe v\u00e1ltozata. Tal\u00e1n t\u00f6bbet k\u00e9ne ezzel a betegs\u00e9ggel foglalkoznunk? Vajon van r\u00e1ci\u00f3 abban, hogy az emberis\u00e9g emocion\u00e1lisan nem hanyatlik, hanem az Asperger lappang t\u00f6bbs\u00e9g\u00fcnkben? Tal\u00e1n embert\u00e1rsaink egy r\u00e9sz\u00e9t\u0151l hi\u00e1ba is v\u00e1runk egy\u00fctt\u00e9rz\u00e9st?<\/p>\n\n\n\n<p>Mi az Asperger-szindr\u00f3ma?<br>Az Asperger-szindr\u00f3ma az autizmus spektrum zavar\u00e1nak r\u00e9sze, amelyet az autizmus alt\u00edpus\u00e1nak tekintnek. Hans Aspergernek nevezt\u00e9k el, aki 1944-ben autista pszichopatianak nevezte el. Ausztri\u00e1ban gyermekorvos volt, aki nemcsak a szindr\u00f3m\u00e1t tanulm\u00e1nyozta, hanem \u00fagy v\u00e9lik, hogy ugyanabban a rendelleness\u00e9gben szenvedett. Mag\u00e1nyos gyermek volt, akinek neh\u00e9z volt bar\u00e1tokat keresnie, \u00e9s gyakran utalt mag\u00e1ra a harmadik szem\u00e9lyben.<br>Az Asperger-szindr\u00f3m\u00e1val rendelkez\u0151ket az autizmus spektrum\u00e1nak legjobban m\u0171k\u00f6d\u0151 v\u00e9g\u00e9n tartj\u00e1k, \u00e9s a rendelleness\u00e9g enyhe \u00e9s s\u00falyos, de kev\u00e9sb\u00e9 s\u00falyos, mint az autizmus. Vannak, akiknek neh\u00e9zs\u00e9geik vannak a t\u00e1rsadalmi helyzetekben, csek\u00e9ly \u00e9rdekl\u0151d\u00e9si k\u00f6r\u00fck van, \u00e9s ellen\u00e1llnak az \u00faj dolgok tanul\u00e1s\u00e1nak. El\u0151fordulhat, hogy ism\u00e9tl\u0151d\u0151 viselked\u00e9sprobl\u00e9m\u00e1i vannak a k\u00e9sleltetett motoros fejl\u0151d\u00e9snek, amely \u00f6sszehangol\u00f3d\u00e1st \u00e9s \u00fcgyetlens\u00e9get okozhat. Az autizmussal \u00e9l\u0151kkel \u00f6sszehasonl\u00edtva azonban az Asperger-szindr\u00f3m\u00e1s gyermekeknek nincs k\u00e9s\u00e9se a kognit\u00edv vagy nyelvi fejl\u0151d\u00e9sben. Az Asperger-szindr\u00f3ma leggyakoribb t\u00fcnetei a k\u00f6vetkez\u0151k:<\/p>\n\n\n\n<p>F\u00e9l\u00e9nk vagy \u00fcgyetlens\u00e9g<br>Besz\u00e9lj magaddal<br>Bizonyos t\u00e9m\u00e1k r\u00f6gz\u00edtett vagy megsz\u00e1llottja<br>Szemkontaktus hi\u00e1nya<br>Nem \u00e9rtem az \u00e9rzelmeket vagy m\u00e1s t\u00e1rsadalmi konstrukci\u00f3kat, p\u00e9ld\u00e1ul szarkazmust vagy vicceket<br>Besz\u00e9lj magadr\u00f3l a harmadik szem\u00e9lyben<br>Nem verb\u00e1lis kommunik\u00e1ci\u00f3, p\u00e9ld\u00e1ul arckifejez\u00e9sek vagy gesztusok hi\u00e1nya<br>Az \u00e1tlag feletti verb\u00e1lis k\u00e9szs\u00e9gek<br>Ism\u00e9tl\u0151d\u0151 vagy robotbesz\u00e9d<br>K\u00e9ptelens\u00e9g az \u00e9rzelmek megjelen\u00edt\u00e9s\u00e9re<br>A szoci\u00e1lis k\u00e9szs\u00e9gek hi\u00e1nya<br>Nem hajland\u00f3 \u00faj dolgokat megtanulni<br>Ragaszkod\u00e1s a szigor\u00fa \u00fctemtervhez<br>Mindenkinek list\u00e1kat k\u00e9sz\u00edt, \u00e9s ragaszkodik hozz\u00e1juk<br>T\u00fal\u00e9rz\u00e9kenys\u00e9g a kellemetlen szagokat, a hangos zajokat \u00e9s az er\u0151s f\u00e9nyeket illet\u0151en<br>Az emp\u00e1tia hi\u00e1nya<\/p>\n\n\n\n<p>Az Asperger-szindr\u00f3m\u00e1ban szenved\u0151 gyermeknek pontosan tudnia kell, hogy mi t\u00f6rt\u00e9nik, mikor fog t\u00f6rt\u00e9nni, \u00e9s hogy fog t\u00f6rt\u00e9nni, vagy hogy mennyire lesznek megr\u00e9m\u00fclve. Szigor\u00faan \u00e9rz\u00e9kelik a rutinot \u00e9s nem szeretik, hogy az \u00fctemtervben b\u00e1rmi megv\u00e1ltozzon. Nagyon val\u00f3sz\u00edn\u0171, hogy \u00e9rzelmi meghib\u00e1sod\u00e1s vagy szorong\u00e1sos rohamaik vannak, ha v\u00e1ltoznak az \u00fctemterv.<\/p>\n\n\n\n<p>Miben k\u00fcl\u00f6nb\u00f6zik az Asperger-szindr\u00f3ma az autizmust\u00f3l?<br>Az autizmus \u00e9s az Asperger-szindr\u00f3ma egyar\u00e1nt agyi fejl\u0151d\u00e9si rendelleness\u00e9gek egyik kifejez\u00e9se. Ezeket a kommunik\u00e1ci\u00f3s neh\u00e9zs\u00e9gek (mind verb\u00e1lis, mind nonverb\u00e1lis), t\u00e1rsadalmi interakci\u00f3k \u00e9s ism\u00e9tl\u0151d\u0151 viselked\u00e9s jellemzik. Az Asperger-szindr\u00f3m\u00e1s betegek \u00e1ltal\u00e1ban kev\u00e9sb\u00e9 s\u00falyos t\u00fcnetekkel rendelkeznek, \u00e9s \u00e1ltal\u00e1ban nincsenek probl\u00e9m\u00e1juk a nyelv\u00fckkel. Val\u00f3j\u00e1ban azok, akik Asperger-szindr\u00f3m\u00e1ban szenvednek, \u00e1ltal\u00e1ban meghaladj\u00e1k az \u00e1tlagon fel\u00fcli nyelvtud\u00e1st. Az Asperger-szindr\u00f3m\u00e1s betegek az IQ-tesztn\u00e9l a norm\u00e1ln\u00e1l magasabb pontsz\u00e1mot mutatnak, m\u00edg az autizmussal rendelkez\u0151k \u00e1ltal\u00e1ban a norm\u00e1ln\u00e1l alacsonyabb pontsz\u00e1mot kapnak.<\/p>\n\n\n\n<p>Az autizmussal \u00e9l\u0151k nem mutatnak \u00e9rdekl\u0151d\u00e9st m\u00e1sok ir\u00e1nt, \u00e1m az Asperger-szindr\u00f3m\u00e1s betegek egy\u00e9rtelm\u0171 \u00e9rdekl\u0151d\u00e9st mutatnak a m\u00e1sokkal val\u00f3 beilleszked\u00e9s \u00e9s bar\u00e1ts\u00e1g ir\u00e1nt, \u00e1m nincs megfelel\u0151 k\u00e9pess\u00e9g\u00fck a megfelel\u0151 elv\u00e9gz\u00e9shez. A f\u0151 k\u00fcl\u00f6nbs\u00e9g az, hogy Asperger-szindr\u00f3m\u00e1s betegek eset\u00e9ben nincs besz\u00e9d k\u00e9s\u00e9s, mint az autizmusban szenved\u0151kn\u00e9l. \u00c1ltal\u00e1ban j\u00f3 sz\u00f3t\u00e1r \u00e9s nyelvtud\u00e1suk van, de besz\u00e9dmint\u00e1ik vagy inflexi\u00f3ik szokatlanok lehetnek. Az autizmussal k\u00fczd\u0151 emberek nem k\u00e9pesek fejleszteni a norm\u00e1l nyelvet vagy a kommunik\u00e1ci\u00f3s hangot. A kognit\u00edv k\u00e9sleltet\u00e9s az autizmussal rendelkez\u0151k eset\u00e9ben nyilv\u00e1nval\u00f3, az Asperger-szindr\u00f3m\u00e1ban nem. A v\u00e9gs\u0151 k\u00fcl\u00f6nbs\u00e9g a rendelleness\u00e9g \u00e9szlel\u00e9s\u00e9nek \u00e9letkora. Az autizmussal rendelkez\u0151ket \u00e1ltal\u00e1ban fiatalabb, k\u00f6r\u00fclbel\u00fcl k\u00e9t \u00e9ves korukban fedezik fel. Mivel az Asperger-szindr\u00f3m\u00e1s betegeket val\u00f3sz\u00edn\u0171leg nem diagnosztiz\u00e1lj\u00e1k az iskola megkezd\u00e9s\u00e9ig, \u00e9s neh\u00e9zs\u00e9gekbe \u00fctk\u00f6znek a szocializ\u00e1ci\u00f3val.<\/p>\n\n\n\n<p>Autista rendelleness\u00e9g &#8211; Az autista rendelleness\u00e9gben szenved\u0151k nyelvi k\u00e9s\u00e9ssel, kih\u00edv\u00e1sokkal szembes\u00fclnek a kommunik\u00e1ci\u00f3 \u00e9s a t\u00e1rsadalmi interakci\u00f3k sor\u00e1n, szokatlan viselked\u00e9s, ism\u00e9tl\u0151d\u0151 cselekedetek, szemkontaktus hi\u00e1nya, k\u00e9ptelens\u00e9g ellen\u00e1llni a v\u00e1ltoz\u00e1soknak.<br>Asperger-szindr\u00f3ma &#8211; Az Asperger-szindr\u00f3m\u00e1ban szenved\u0151knek a fenti rendelleness\u00e9gek enyh\u00e9bb t\u00fcnetei vannak. M\u00e9g mindig nem k\u00e9pesek t\u00e1rsadalmi kapcsolatokat l\u00e9tes\u00edteni, \u00e1m az \u00e1tlagn\u00e1l magasabb nyelvtud\u00e1ssal \u00e9s IQ-szinttel rendelkeznek.Ki szerezheti Asperger-szindr\u00f3m\u00e1t?<br>B\u00e1rki megszerezheti Asperger-szindr\u00f3m\u00e1t. A rendelleness\u00e9g azonban \u00f6tsz\u00f6r gyakoribb a f\u00e9rfiakn\u00e1l, mint a n\u0151kn\u00e9l. A Betegs\u00e9gkezel\u0151 K\u00f6zpontok (CDC) becsl\u00e9se szerint 68 gyermek k\u00f6z\u00fcl 1-nek van az autizmus spektrum rendelleness\u00e9g egyik form\u00e1ja, p\u00e9ld\u00e1ul Asperger-szindr\u00f3ma. Az Egyes\u00fclt \u00c1llamokban minden 48 fi\u00fab\u00f3l \u00e9s 252 l\u00e1ny k\u00f6z\u00fcl egynek valamilyen form\u00e1ja van az autizmus spektrumzavarban.<\/p>\n\n\n\n<p>Asperger-szindr\u00f3m\u00e1val rendelkez\u0151 h\u00edres emberek<br>Sok h\u00edres ember van, a filmszt\u00e1rokt\u00f3l a szerz\u0151kig \u00e9s az eln\u00f6k\u00f6kig, akik Asperger-szindr\u00f3m\u00e1ban szenvedtek vagy gyan\u00edtottak. N\u00e9h\u00e1ny ezek k\u00f6z\u00fcl:<\/p>\n\n\n\n<p>Abraham Lincoln &#8211; amerikai eln\u00f6k<br>Albert Einstein &#8211; fizikus<br>Alexander Graham Bell &#8211; a telefon feltal\u00e1l\u00f3ja<br>Alfred Hitchcock &#8211; filmrendez\u0151, szerz\u0151<br>Benjamin Franklin &#8211; amerikai eln\u00f6k<br>Bobby Fischer &#8211; a h\u00edres sakk vil\u00e1gbajnok<br>Charles Schulz &#8211; Charlie Brown alkot\u00f3ja<br>Dan Aykroyd &#8211; sz\u00edn\u00e9sz \u00e9s komikus<br>Daryl Hannah &#8211; sz\u00edn\u00e9szn\u0151<br>Emily Dickinson &#8211; amerikai k\u00f6lt\u0151<br>Gary Numan &#8211; brit dalszerz\u0151 \u00e9s \u00e9nekes<br>George Washington &#8211; amerikai eln\u00f6k<br>Hans Asperger &#8211; gyermekorvos \u00e9s szem\u00e9ly, akit az \u00e1llapot neveztek el<br>Heather Kuzmich &#8211; versenyz\u0151 az America&#8217;s Next Top Model versenyz\u0151j\u00e9ben<br>Henry Ford &#8211; a Ford gy\u00e1rt\u00f3ja<br>Howard Hughes &#8211; milli\u00e1rdos<br>Isaac Newton &#8211; angol matematikus \u00e9s fizikus<br>James Durbin &#8211; az American Idol d\u00f6nt\u0151s<br>Jane Austen &#8211; angol szerz\u0151, a Pride and Prejudice szerz\u0151je<br>Jerry Newport &#8211; matematikai szakember \u00e9s szerz\u0151<br>Jim Henson &#8211; a Muppets alkot\u00f3ja<br>John Denver &#8211; zen\u00e9sz<br>Judy Singer &#8211; ausztr\u00e1l fogyat\u00e9koss\u00e1ggal \u00e9l\u0151 aktivista<br>Liane Holliday Wiley &#8211; szerz\u0151, professzor, \u00fcgyv\u00e9d<br>Ludwig van Beethoven &#8211; zeneszerz\u0151<br>Marilyn Monroe &#8211; sz\u00edn\u00e9szn\u0151<br>Mark Twain &#8211; szerz\u0151<br>Michelangelo &#8211; m\u0171v\u00e9sz<br>Paddy Considine &#8211; sz\u00edn\u00e9sz<br>Satoshi Tajiri &#8211; a Pokemon tervez\u0151je \u00e9s alkot\u00f3ja<br>Thomas Edison &#8211; feltal\u00e1l\u00f3<br>Thomas Jefferson &#8211; amerikai eln\u00f6k<br>Tim Ellis &#8211; ausztr\u00e1l \u00edr\u00f3 \u00e9s var\u00e1zsl\u00f3<\/p>\n\n\n\n<p>Mi okozza Asperger-szindr\u00f3m\u00e1t?<br>Erre a k\u00e9rd\u00e9sre nincs egy\u00e9rtelm\u0171 v\u00e1lasz, mert sajnos m\u00e9g mindig van sok mindent, amit nem tudunk a rendelleness\u00e9gr\u0151l. Egyszerre a v\u00e1lasz: &#8220;nincs nyomunk&#8221;, de most van n\u00e9h\u00e1ny v\u00e1lasz. A k\u00f6zelm\u00faltban a kutat\u00f3k felfedezt\u00e9k, hogy az autizmus spektrum rendelleness\u00e9gben szenved\u0151k k\u00f6z\u00f6tt vannak olyan g\u00e9nv\u00e1ltoz\u00e1sok, amelyek mut\u00e1lj\u00e1k a g\u00e9neket. T\u00f6bb mint 100 g\u00e9nt tal\u00e1ltak, amelyekr\u0151l ismert, hogy autizmust okoznak. Val\u00f3j\u00e1ban az emberek kb. 15% -\u00e1ban genetikai ok tal\u00e1lhat\u00f3 meg. A t\u00f6bbi 85% azonban m\u00e9g mindig rejt\u00e9ly. A szak\u00e9rt\u0151k szerint a k\u00f6rnyezeti t\u00e9nyez\u0151k \u00e9s a komplex genetikai kock\u00e1zatok v\u00e1ltoz\u00f3 kombin\u00e1ci\u00f3j\u00e1t vonja maga ut\u00e1n. Ezek a kock\u00e1zatok \u00e9s t\u00e9nyez\u0151k befoly\u00e1solj\u00e1k az agy korai fejl\u0151d\u00e9s\u00e9t, \u00e9s hajlamosak az autizmus spektrum zavar\u00e1ra. Ezek k\u00f6z\u00e9 a kock\u00e1zatok k\u00f6z\u00e9 tartozik:<\/p>\n\n\n\n<p>Halad\u00f3 sz\u00fcl\u0151i \u00e9letkor a csecsem\u0151 fogant<br>Betegs\u00e9gek terhess\u00e9g alatt<br>kora\u00e9retts\u00e9g<br>Alacsony sz\u00fclet\u00e9si s\u00faly<br>Neh\u00e9z sz\u00fcl\u00e9s<br>Oxig\u00e9n n\u00e9lk\u00fcl\u00f6z\u00e9s<br>Toxinoknak val\u00f3 kitetts\u00e9g terhess\u00e9g alatt<br>Nem szed prenat\u00e1lis vitaminokat<br>A prenat\u00e1lis ell\u00e1t\u00e1s hi\u00e1nya<br>N\u00e9h\u00e1ny olyan dolog, amelyek NEM okoznak autizmus spektrumzavart vagy Asperger-szindr\u00f3m\u00e1t:<\/p>\n\n\n\n<p>Rossz nevel\u00e9s<br>immuniz\u00e1l\u00e1sok<br>Az anyai k\u00f6t\u00e9s hi\u00e1nya<br>Szigor\u00fa nevel\u00e9s<br>megf\u00e9leml\u00edt\u00e9s<\/p>\n\n\n\n<p>Mit lehet tenni<\/p>\n\n\n\n<p>Az Asperger-szindr\u00f3m\u00e1s betegeknek \u00e1ltal\u00e1ban neh\u00e9zs\u00e9geik vannak a t\u00e1rsadalmi beilleszked\u00e9ssel \u00e9s a bar\u00e1tokkal. Kisgyermekekk\u00e9nt elt\u00e9r\u0151 m\u00f3don viselkedhetnek, mint m\u00e1s gyermekek, \u00e9s bizarr m\u00f3don viselkednek, amikor megpr\u00f3b\u00e1lnak bar\u00e1tkozni. P\u00e9ld\u00e1ul egy gyerek \u00fagy gondolja, hogy egy m\u00e1sik gyermek megragad\u00e1sa, \u00e9s arra k\u00e9sztet\u00e9se, hogy j\u00e1tsszon azt, amit szeretn\u00e9nek j\u00e1tszani, a megfelel\u0151 m\u00f3dja annak, hogy bar\u00e1tokba ker\u00fcljenek. Sok sz\u00fcl\u0151 fedezi fel, hogy gyermeke Asperger-szindr\u00f3m\u00e1val rendelkezik az iskola els\u0151 n\u00e9h\u00e1ny \u00e9v\u00e9ben, mivel gyermeke bajba ker\u00fcl a nem megfelel\u0151 viselked\u00e9s miatt. Fontos, hogy azonnal diagnosztiz\u00e1lja gyermek\u00e9t, ha \u00fagy gondolja, hogy Asperger-szindr\u00f3m\u00e1ban szenved, hogy az iskola meg\u00e9rtse \u00e9s l\u00e9p\u00e9seket tegyen a t\u00e1rsadalmi neh\u00e9zs\u00e9gek lek\u00fczd\u00e9s\u00e9re. Egyes iskol\u00e1k ink\u00e1bb Asperger-szindr\u00f3m\u00e1s gyermekeket speci\u00e1lis oszt\u00e1lyokba vagy iskol\u00e1kba helyezik az autizmus spektrumzavarban szenved\u0151k sz\u00e1m\u00e1ra.<\/p>\n\n\n\n<p>Asperger-szindr\u00f3ma kezel\u00e9se<br>Az Asperger-szindr\u00f3ma k\u00fcl\u00f6nf\u00e9le kezel\u00e9si m\u00f3djai vannak, amelyek el\u0151seg\u00edthetik a beteg jobb kommunik\u00e1ci\u00f3s \u00e9s t\u00e1rsadalmi k\u00e9szs\u00e9geinek megtanul\u00e1s\u00e1t, valamint azt, hogy mik\u00e9nt lehet jobban k\u00f6lcs\u00f6nhat\u00e1sba l\u00e9pni m\u00e1sokkal. A szindr\u00f3m\u00e1val val\u00f3 megbirk\u00f3z\u00e1s, a t\u00e1rsadalmi \u00fatmutat\u00e1sok megtanul\u00e1sa \u00e9s az emp\u00e1tia kialakul\u00e1s\u00e1nak el\u0151seg\u00edt\u00e9se el\u0151seg\u00edtheti, hogy az Asperger-szindr\u00f3m\u00e1s betegek norm\u00e1labb \u00e9letet \u00e9ljenek.<\/p>\n\n\n\n<p>Pszichoter\u00e1pia<\/p>\n\n\n\n<p>Az Asperger-szindr\u00f3ma kezel\u00e9s\u00e9nek egyik legjobb m\u00f3dja a pszichoter\u00e1pia a szoci\u00e1lis k\u00e9szs\u00e9gek, jelz\u00e9sek \u00e9s az \u00e9rzelmek kezel\u00e9s\u00e9nek megtanul\u00e1sa. Ezt megteheti egy irod\u00e1ban vagy otthoni terapeut\u00e1val, online ter\u00e1pi\u00e1val. Sok Asperger-szindr\u00f3m\u00e1s betegnek k\u00f6nnyebb a kezel\u00e9st otthonr\u00f3l elv\u00e9gezni, ahol k\u00e9nyelmesebb. Sz\u00e1mos online ment\u00e1lhigi\u00e9n\u00e9s szolg\u00e1ltat\u00f3 l\u00e9tezik, de a legnagyobb a BetterHelp.com, amely t\u00f6bb mint 2000 enged\u00e9llyel rendelkez\u0151 szakemberrel rendelkezik. Eddig t\u00f6bb mint 1500 000 szem\u00e9ly sz\u00e1m\u00e1ra ny\u00fajtott seg\u00edts\u00e9get.<\/p>\n\n\n\n<p>A BetterHelp.com el\u00e9rhet\u0151 a nap 24 \u00f3r\u00e1j\u00e1ban, a h\u00e9t 7 napj\u00e1n, \u00e9s a terapeut\u00e1k \u00e1ltal\u00e1ban napi k\u00e9tszer ellen\u0151rzik \u00fczenet\u00fcket, \u00edgy \u00e1ltal\u00e1ban 24 \u00f3r\u00e1n bel\u00fcl v\u00e1laszt kapnak az \u00fczenet elhagy\u00e1s\u00e1t\u00f3l sz\u00e1m\u00edtva, ellent\u00e9tben m\u00e1s terapeut\u00e1kkal, akiknek h\u00f3napokba telik a v\u00e1laszad\u00e1sok. Cseveghet terapeut\u00e1j\u00e1val online cseveg\u0151szob\u00e1k, priv\u00e1t \u00fczenetk\u00fcld\u00e9s, sms, e-mail, telefonbesz\u00e9lget\u00e9s vagy video chat seg\u00edts\u00e9g\u00e9vel. \u00c9l\u0151ben cseveghet, vagy \u00fczeneteket hagyhat, att\u00f3l f\u00fcgg\u0151en, hogy mik\u00e9nt szeretne csin\u00e1lni. Terapeuta seg\u00edthet a viselked\u00e9sm\u00f3dos\u00edt\u00e1sban, a szoci\u00e1lis k\u00e9szs\u00e9gek fejleszt\u00e9s\u00e9ben, oktat\u00e1si beavatkoz\u00e1sokban, a vizu\u00e1lis gondolkod\u00e1sban, az \u00e9rzelmi \u00fatmutat\u00e1sok felismer\u00e9s\u00e9ben \u00e9s a sz\u00fcl\u0151i oktat\u00e1sban. Bizonyos esetekben gy\u00f3gyszeres kezel\u00e9sre lehet sz\u00fcks\u00e9g, de a terapeut\u00e1nak erre pszichi\u00e1terhez vagy orvos\u00e1hoz kell fordulnia, mert az online terapeut\u00e1k nem tudnak gy\u00f3gyszert fel\u00edrni.<\/p>\n","protected":false},"excerpt":{"rendered":"<p>Tudtad, hogy a fiatal korban hiperakt\u00edvnak, figyelemzavarosnak kiki\u00e1ltott gyerekek val\u00f3j\u00e1ban Asperger-szindr\u00f3m\u00e1sok? A betegs\u00e9g f\u0151leg a fi\u00fakat \u00e9rinti, jellemz\u0151je, hogy a k\u00f6z\u00f6ss\u00e9gi l\u00e9t \u00edratlan szab\u00e1lyaival folyamatosan \u00f6ssze\u00fctk\u00f6z\u00e9sbe ker\u00fclnek, merev bels\u0151 szab\u00e1lyrendszer\u00fckh\u00f6z g\u00f6rcs\u00f6sen ragaszkodnak.A betegs\u00e9g jellemz\u0151jeaz&#46;&#46;&#46;<\/p>\n","protected":false},"author":1,"featured_media":0,"comment_status":"closed","ping_status":"closed","sticky":false,"template":"","format":"standard","meta":[],"categories":[1],"tags":[],"_links":{"self":[{"href":"https:\/\/openart.hu\/elet\/wp-json\/wp\/v2\/posts\/552"}],"collection":[{"href":"https:\/\/openart.hu\/elet\/wp-json\/wp\/v2\/posts"}],"about":[{"href":"https:\/\/openart.hu\/elet\/wp-json\/wp\/v2\/types\/post"}],"author":[{"embeddable":true,"href":"https:\/\/openart.hu\/elet\/wp-json\/wp\/v2\/users\/1"}],"replies":[{"embeddable":true,"href":"https:\/\/openart.hu\/elet\/wp-json\/wp\/v2\/comments?post=552"}],"version-history":[{"count":12,"href":"https:\/\/openart.hu\/elet\/wp-json\/wp\/v2\/posts\/552\/revisions"}],"predecessor-version":[{"id":570,"href":"https:\/\/openart.hu\/elet\/wp-json\/wp\/v2\/posts\/552\/revisions\/570"}],"wp:attachment":[{"href":"https:\/\/openart.hu\/elet\/wp-json\/wp\/v2\/media?parent=552"}],"wp:term":[{"taxonomy":"category","embeddable":true,"href":"https:\/\/openart.hu\/elet\/wp-json\/wp\/v2\/categories?post=552"},{"taxonomy":"post_tag","embeddable":true,"href":"https:\/\/openart.hu\/elet\/wp-json\/wp\/v2\/tags?post=552"}],"curies":[{"name":"wp","href":"https:\/\/api.w.org\/{rel}","templated":true}]}}