{"id":505,"date":"2021-07-18T14:50:47","date_gmt":"2021-07-18T14:50:47","guid":{"rendered":"https:\/\/openart.hu\/elet\/?p=505"},"modified":"2021-09-21T19:54:46","modified_gmt":"2021-09-21T19:54:46","slug":"10-hires-autista-akik-nelkul-sivarabb-lenne-az-eletunk","status":"publish","type":"post","link":"https:\/\/openart.hu\/elet\/2021\/07\/18\/10-hires-autista-akik-nelkul-sivarabb-lenne-az-eletunk\/","title":{"rendered":"10 h\u00edres aspergeres, akik n\u00e9lk\u00fcl siv\u00e1rabb lenne az \u00e9let\u00fcnk"},"content":{"rendered":"\n<p><strong>1.&nbsp;Albert Einstein,<\/strong>&nbsp;a relativit\u00e1selm\u00e9let megalkot\u00f3ja, aki fizikai Nobel-d\u00edjat kapott a fotoelektronikus hat\u00e1s ter\u00fclet\u00e9n v\u00e9gzett munk\u00e1ss\u00e1g\u00e1\u00e9rt. Kilenc\u00e9ves kor\u00e1ban m\u00e9g nem tudott foly\u00e9konyan besz\u00e9lni, \u00edgy sz\u00fclei arra gyanakodtak, hogy gyermek\u00fck ment\u00e1lisan nem \u00e9p. Einsteinr\u0151l felt\u00e9telezhet\u0151, hogy Asperger-szindr\u00f3m\u00e1s volt, ugyanis&nbsp;<strong>saj\u00e1t bevall\u00e1sa szerint teljesen hi\u00e1nyzott bel\u0151le a v\u00e1gy a m\u00e1sokkal val\u00f3 k\u00f6zvetlen kapcsolatteremt\u00e9sre.<\/strong>&nbsp;Ezen k\u00edv\u00fcl az aspergeresek jellemz\u0151 tulajdons\u00e1ga, hogy k\u00fcl\u00f6n\u00f6sen \u00e9rz\u00e9kenyek bizonyos ruhadarabokra: Einstein zokni n\u00e9lk\u00fcl jelent meg a Nobel-d\u00edj\u00e1tad\u00f3n is.<\/p>\n\n\n\n<figure class=\"wp-block-image size-full\"><img loading=\"lazy\" width=\"750\" height=\"410\" src=\"https:\/\/openart.hu\/elet\/wp-content\/uploads\/2021\/09\/einstein.jpg\" alt=\"\" class=\"wp-image-511\" srcset=\"https:\/\/openart.hu\/elet\/wp-content\/uploads\/2021\/09\/einstein.jpg 750w, https:\/\/openart.hu\/elet\/wp-content\/uploads\/2021\/09\/einstein-300x164.jpg 300w\" sizes=\"(max-width: 750px) 100vw, 750px\" \/><\/figure>\n\n\n\n<div class=\"wp-block-image\"><figure class=\"alignright size-full is-resized\"><img loading=\"lazy\" src=\"https:\/\/openart.hu\/elet\/wp-content\/uploads\/2021\/09\/darwin.jpg\" alt=\"\" class=\"wp-image-515\" width=\"289\" height=\"377\" srcset=\"https:\/\/openart.hu\/elet\/wp-content\/uploads\/2021\/09\/darwin.jpg 270w, https:\/\/openart.hu\/elet\/wp-content\/uploads\/2021\/09\/darwin-230x300.jpg 230w\" sizes=\"(max-width: 289px) 100vw, 289px\" \/><\/figure><\/div>\n\n\n\n<p><strong>2. Charles Darwin,&nbsp;<\/strong>az evol\u00faci\u00f3elm\u00e9let atyja is gyan\u00edthat\u00f3an az aspergeresek k\u00f6z\u00e9 tartozott. Az emberekkel val\u00f3 kapcsolatteremt\u00e9sben komoly neh\u00e9zs\u00e9gei t\u00e1madtak, ellenben \u201eA fajok eredete\u201d c\u00edm\u0171 k\u00f6nyv\u00e9t elk\u00e9peszt\u0151 r\u00e9szletess\u00e9ggel \u00edrta meg, mivel olyan apr\u00f3s\u00e1gokat is \u00e9szrevett, melyek m\u00e1s kutat\u00f3k el\u0151tt rejtve maradtak.&nbsp;<strong>Eg\u00e9sz \u00e9let\u00e9ben ker\u00fclte a t\u00e1rsas\u00e1got, \u00e9s naponta tett hossz\u00fa, mag\u00e1nyos s\u00e9t\u00e1kat, mindig ugyanazon az \u00fatvonalon.<\/strong>K\u00e9nyszeres lev\u00e9l\u00edr\u00f3 volt, ugyanakkor leveleiben ker\u00fclte az udvariass\u00e1gi t\u00e9mak\u00f6r\u00f6ket, k\u00e9rd\u00e9seket.<\/p>\n\n\n\n<p><strong>3. Daryl Hannah&nbsp;<\/strong>sz\u00edn\u00e9szn\u0151, a Sz\u00e1rnyas fejvad\u00e1sz, a Csobban\u00e1s, valamint a Kill Bill szt\u00e1rja is aspergeres. Egy interj\u00faban azt mes\u00e9lte, hogy&nbsp;<strong>mindig is probl\u00e9m\u00e1ja volt azzal, ha a figyelem k\u00f6z\u00e9ppontj\u00e1ba ker\u00fclt.<\/strong>&nbsp;S\u0151t, az Asperger-szindr\u00f3ma majdnem t\u00f6nkretette karrierj\u00e9t Hollywoodban, mivel soha nem ment besz\u00e9lget\u0151s m\u0171sorokba, \u00e9s nem j\u00e1rt premierekre se. Az Oscar-d\u00edj\u00e1tad\u00f3 is egy tort\u00fara sz\u00e1m\u00e1ra: majd\u2019 el\u00e1jul att\u00f3l, hogy v\u00e9gig kell mennie a v\u00f6r\u00f6s sz\u0151nyegen.<\/p>\n\n\n\n<figure class=\"wp-block-image size-full is-resized\"><img loading=\"lazy\" src=\"https:\/\/openart.hu\/elet\/wp-content\/uploads\/2021\/09\/Daryl_Hannah.jpg\" alt=\"\" class=\"wp-image-517\" width=\"641\" height=\"339\" srcset=\"https:\/\/openart.hu\/elet\/wp-content\/uploads\/2021\/09\/Daryl_Hannah.jpg 409w, https:\/\/openart.hu\/elet\/wp-content\/uploads\/2021\/09\/Daryl_Hannah-300x158.jpg 300w\" sizes=\"(max-width: 641px) 100vw, 641px\" \/><\/figure>\n\n\n\n<p><strong>4. Andy Warhol&nbsp;<\/strong>amerikai k\u00e9pz\u0151m\u0171v\u00e9sz, a pop-art&nbsp;ir\u00e1nyzat megteremt\u0151je. Sikeres rekl\u00e1mrajzol\u00f3, fest\u0151 \u00e9s avantg\u00e1rd filmk\u00e9sz\u00edt\u0151 volt, aki minden bizonnyal ugyancsak Asperger-szindr\u00f3m\u00e1val sz\u00fcletett. Warhol szeretete az ism\u00e9tl\u0151d\u0151 mint\u00e1k ir\u00e1nt val\u00f3j\u00e1ban az autizmus egyik t\u00fcnete volt. A m\u0171v\u00e9sz egyik furcsa szok\u00e1sa volt, hogy&nbsp;<strong>m\u00e1ni\u00e1kus m\u00f3don v\u00e1s\u00e1rolt t\u00e1rgyakat, de t\u00f6bbnyire ki sem bontotta ezeket a csomagol\u00e1sb\u00f3l.&nbsp;<\/strong><\/p>\n\n\n\n<figure class=\"wp-block-image size-full\"><img loading=\"lazy\" width=\"632\" height=\"420\" src=\"https:\/\/openart.hu\/elet\/wp-content\/uploads\/2021\/09\/andy-warhol.jpg\" alt=\"\" class=\"wp-image-518\" srcset=\"https:\/\/openart.hu\/elet\/wp-content\/uploads\/2021\/09\/andy-warhol.jpg 632w, https:\/\/openart.hu\/elet\/wp-content\/uploads\/2021\/09\/andy-warhol-300x199.jpg 300w\" sizes=\"(max-width: 632px) 100vw, 632px\" \/><\/figure>\n\n\n\n<div class=\"wp-block-image\"><figure class=\"alignleft size-full is-resized\"><img loading=\"lazy\" src=\"https:\/\/openart.hu\/elet\/wp-content\/uploads\/2021\/09\/michelangelo.jpg\" alt=\"\" class=\"wp-image-525\" width=\"311\" height=\"436\" srcset=\"https:\/\/openart.hu\/elet\/wp-content\/uploads\/2021\/09\/michelangelo.jpg 259w, https:\/\/openart.hu\/elet\/wp-content\/uploads\/2021\/09\/michelangelo-214x300.jpg 214w\" sizes=\"(max-width: 311px) 100vw, 311px\" \/><\/figure><\/div>\n\n\n\n<p><strong>5. Michelangelo,<\/strong>&nbsp;a renesz\u00e1nsz mester is felt\u00e9telezhet\u0151en aspergeres volt. A szobr\u00e1sz, fest\u0151, \u00e9p\u00edt\u00e9sz \u00e9s k\u00f6lt\u0151 figyelm\u00e9t kiz\u00e1r\u00f3lag saj\u00e1t bels\u0151 vil\u00e1ga k\u00f6t\u00f6tte le.&nbsp;<strong>A k\u00fclvil\u00e1g ir\u00e1nt nem mutatott \u00e9rdekl\u0151d\u00e9st, nehezen teremtett kapcsolatokat, \u00e1ltal\u00e1ban \u00e9rzelemmentesen viselkedett.<\/strong>&nbsp;Csak a k\u00fcldet\u00e9se lebegett a szeme el\u0151tt \u2013 mondjuk a Sixtusi k\u00e1polna fresk\u00f3i \u2013 \u00e9s napi rutinj\u00e1t teljes m\u00e9rt\u00e9kben ehhez igaz\u00edtotta.<\/p>\n\n\n\n<p class=\"has-text-align-left\"><strong>6. Isaac Newton<\/strong>&nbsp;angol fizikus, matematikus, csillag\u00e1sz, filoz\u00f3fus \u00e9s alkimista&nbsp;korasz\u00fcl\u00f6tt volt, aki gyerekkor\u00e1ban az \u00e9rzelmi biztons\u00e1got sem kapta meg \u00e9desanyj\u00e1t\u00f3l. Ifj\u00fakor\u00e1ban sokszor kimaradt az iskol\u00e1b\u00f3l.&nbsp;<strong>Keveset besz\u00e9lt, \u00e9s \u00fagy el tudott mer\u00fclni a munk\u00e1j\u00e1ban, hogy enni is elfelejtett.<\/strong>&nbsp;Volt r\u00e1 eset, hogy h\u00e1rom napon kereszt\u00fcl, meg\u00e1ll\u00e1s n\u00e9lk\u00fcl dolgozott .<\/p>\n\n\n\n<p><strong>7. Satoshi Tajiri<\/strong>, jap\u00e1n vide\u00f3j\u00e1t\u00e9k-tervez\u0151,&nbsp;<strong>a Pokemon<\/strong>&nbsp;megalkot\u00f3ja is autista. A&nbsp;<strong>j\u00e1t\u00e9k siker\u00e9t egy gyerekkori szenved\u00e9ly\u00e9nek, a m\u00e1ni\u00e1kus rovargy\u0171jt\u00e9s\u00e9nek k\u00f6sz\u00f6nheti<\/strong>. Tajiri azt akarta el\u00e9rni, hogy a Pokemon Go-val a gyerekeket is ugyanaz az \u00e9rz\u00e9s j\u00e1rja \u00e1t, amikor elkapnak egy k\u00fcl\u00f6nleges l\u00e9nyt, mint \u0151t gyerekkor\u00e1ban.<\/p>\n\n\n\n<div class=\"wp-block-image\"><figure class=\"alignright size-full is-resized\"><img loading=\"lazy\" src=\"https:\/\/openart.hu\/elet\/wp-content\/uploads\/2021\/09\/hitchcock.jpg\" alt=\"\" class=\"wp-image-529\" width=\"338\" height=\"375\" srcset=\"https:\/\/openart.hu\/elet\/wp-content\/uploads\/2021\/09\/hitchcock.jpg 289w, https:\/\/openart.hu\/elet\/wp-content\/uploads\/2021\/09\/hitchcock-270x300.jpg 270w\" sizes=\"(max-width: 338px) 100vw, 338px\" \/><\/figure><\/div>\n\n\n\n<p><strong>8. Alfred Hitchcock<\/strong>, filmrendez\u0151. Aspergeres csoportok \u00fagy v\u00e9lik, hogy a nagy filmrendez\u0151, Hitchcock is ezzel az \u00e1llapottal k\u00fczd\u00f6tt, ami&nbsp;megmagyar\u00e1zn\u00e1<strong>&nbsp;a hat\u00e1rok figyelmen k\u00edv\u00fcl hagy\u00e1s\u00e1t, azok folyamatos feszeget\u00e9st \u00e9s excentrikus viselked\u00e9s\u00e9t, a munk\u00e1ban \u00e9s azon k\u00edv\u00fcl is.<\/strong><\/p>\n\n\n\n<p>9.&nbsp;<strong>Temple Grandin<\/strong>&nbsp;tud\u00f3s \u00e9let\u00e9r\u0151l 2010-ben k\u00e9sz\u00edtett filmet az HBO. Temple az egyetemen pszichol\u00f3gi\u00e1t \u00e9s zool\u00f3gi\u00e1t tanult, majd ledoktor\u00e1lt, \u00e9s a nagy\u00fczemi \u00e1llattart\u00e1s szak\u00e9rt\u0151je lett:<strong>&nbsp;a szarvasmarh\u00e1k v\u00e1g\u00f3h\u00eddi k\u00f6r\u00fclm\u00e9nyeinek jav\u00edt\u00e1sra fejlesztett ki egy szabv\u00e1nyt.<\/strong>&nbsp;Ha az autizmusr\u00f3l t\u00f6bbet akarsz tudni, n\u00e9zd meg ezt a filmet; a jelenetek t\u00f6k\u00e9letesen visszaadj\u00e1k azt az \u00e1llapotot, mellyel az autist\u00e1k kiz\u00e1rj\u00e1k a k\u00fclvil\u00e1got mik\u00f6zben egy-egy feladatra koncentr\u00e1lnak.https:\/\/www.youtube.com\/embed\/cpkN0JdXRpM?wmode=transparent<\/p>\n\n\n\n<p><strong>10. Steve Jobs<\/strong>, az Apple alap\u00edt\u00f3ja is \u201erajta lenne a spektrumon\u201d\u2013 mondta r\u00f3la \u00e9pp az im\u00e9nt eml\u00edtett dr. Temple Grandin. Jobsr\u00f3l azt \u00edrja a Wikipedia, hogy m\u00e9g az iskola el\u0151tt megtanult \u00edrni \u00e9s olvasni, \u00edgy az iskolai \u00e9vek kezdet\u00e9t unalmasnak tal\u00e1lta, k\u00e9s\u0151bb pedig&nbsp;<strong>beilleszked\u00e9si zavarai voltak.<\/strong>&nbsp;<strong>T\u00f6bb cs\u00ednytev\u00e9se volt, ami\u00e9rt sok b\u00fcntet\u00e9st kapott az iskol\u00e1t\u00f3l<\/strong>. Egy iskolai tud\u00e1sfelm\u00e9r\u0151n \u00e1tlag felett teljes\u00edtett, ez\u00e9rt tan\u00e1rai fels\u0151bb oszt\u00e1lyba tan\u00e1csolt\u00e1k, de ez negat\u00edv v\u00e9geredm\u00e9nnyel j\u00e1rt, \u00e9s a beilleszked\u00e9si zavara is er\u0151s\u00f6d\u00f6tt az id\u0151sebb oszt\u00e1lyt\u00e1rsak hat\u00e1s\u00e1ra.&nbsp;Az egyetemi \u00e9vei is z\u0171r\u00f6sen alakultak: kil\u00e9pett az egyetemr\u0151l, \u00e9s csak n\u00e9h\u00e1ny \u2013 \u00e1ltala kedvelt \u2013 \u00f3r\u00e1t l\u00e1togatott. \u00d6n\u00e9letraj\u00e1b\u00f3l sz\u00e1mos momentum mutat arra, hogy Steve Jobs is autista volt.<\/p>\n\n\n\n<figure class=\"wp-block-image size-full is-resized\"><img loading=\"lazy\" src=\"https:\/\/openart.hu\/elet\/wp-content\/uploads\/2021\/07\/jobs.jpg\" alt=\"\" class=\"wp-image-536\" width=\"642\" height=\"361\" srcset=\"https:\/\/openart.hu\/elet\/wp-content\/uploads\/2021\/07\/jobs.jpg 375w, https:\/\/openart.hu\/elet\/wp-content\/uploads\/2021\/07\/jobs-300x169.jpg 300w\" sizes=\"(max-width: 642px) 100vw, 642px\" \/><\/figure>\n\n\n\n<h2>A tudom\u00e1ny ter\u00fclet\u00e9r\u0151l<\/h2>\n\n\n\n<p><strong>Albert Einstein<\/strong>&nbsp;a relativit\u00e1selm\u00e9let megalkot\u00f3ja, fizikai Nobel-d\u00edjat kapott a fotoelektronikus hat\u00e1s ter\u00fclet\u00e9n v\u00e9gzett munk\u00e1ss\u00e1g\u00e1\u00e9rt. Szem\u00e9lyis\u00e9gjegyei k\u00f6z\u00fcl egy, mely alapj\u00e1n felt\u00e9telezhet\u0151, hogy \u0151 is Aspergeres volt: kilenc \u00e9ves kor\u00e1ban m\u00e9g nem tudott foly\u00e9konyan besz\u00e9lni. Az autista gyerekek nagy sz\u00e1zal\u00e9k\u00e1n\u00e1l gyakoriak a besz\u00e9dprobl\u00e9m\u00e1k. Einstein sz\u00fclei arra gyanakodtak, hogy gyermek\u00fck ment\u00e1lisan retard\u00e1lt.<\/p>\n\n\n\n<p>Nem ritka, hogy az autist\u00e1kat ment\u00e1lisan retard\u00e1ltnak vagy magatart\u00e1szavarosnak tekintik. A Nobel-d\u00edj \u00e1tad\u00e1si cerem\u00f3ni\u00e1n Einstein zokni n\u00e9lk\u00fcl jelent meg. Az autist\u00e1k \u00e9s az Asperger-szindr\u00f3m\u00e1sok furcsa szok\u00e1sai k\u00f6z\u00e9 sorolhat\u00f3, hogy bizonyos text\u00edli\u00e1kra rendk\u00edv\u00fcl \u00e9rz\u00e9kenyek; atipikus viselked\u00e9s\u00fck furcsas\u00e1gai k\u00f6zt, saj\u00e1t kis vil\u00e1gukban l\u00e1tsz\u00f3lag elveszve \u00e9lnek. Az Asperger-szindr\u00f3m\u00e1s gyermekek sz\u00e1m\u00e1ra nem kis neh\u00e9zs\u00e9get okoz a megfelel\u0151 zokni megtal\u00e1l\u00e1sa, ami a l\u00e1bujjakn\u00e1l nem irrit\u00e1lja \u0151ket.&nbsp;&nbsp;<\/p>\n\n\n\n<p><strong>Isaac Newton<\/strong>&nbsp;ifj\u00fakor\u00e1ban kimaradt az iskol\u00e1b\u00f3l. A logik\u00e1tlannak t\u0171n\u0151, szigor\u00fa elveken alapul\u00f3 szab\u00e1lyokat az autist\u00e1k k\u00e9ptelenek elfogadni, ami miatt gyakran ker\u00fclnek konfliktusba a tan\u00e1rokkal, az iskola vezet\u00e9s\u00e9vel.<br>&nbsp;<br><strong>Benjamin Franklint<\/strong>&nbsp;az Egyes\u00fclt \u00c1llamok egyik alap\u00edt\u00f3atyjak\u00e9nt tartj\u00e1k sz\u00e1mon. Filoz\u00f3fus, \u00edr\u00f3, politikus, tud\u00f3s, aktivista, diplomata volt egy szem\u00e9lyben. Tudom\u00e1nyos vizsg\u00e1lataival hozz\u00e1j\u00e1rult a fizika, azon bel\u00fcl az elektromoss\u00e1g kutat\u00e1s\u00e1hoz. \u0150 volt a postahivatal els\u0151 vezet\u0151je is, ahol a szigor\u00fa rendre, a szort\u00edroz\u00e1sra val\u00f3 er\u0151s k\u00e9sztet\u00e9s\u00e9t ki\u00e9lhette. \u201eA korabeli el\u0151kel\u0151s\u00e9gek nem mert\u00e9k Benjamin Franklinre b\u00edzni a F\u00fcggetlens\u00e9gi Nyilatkozat megsz\u00f6vegez\u00e9s\u00e9t, mert att\u00f3l f\u00e9ltek, hogy valami viccet csin\u00e1l majd bel\u0151le\u201d (Botham, 2006, 17-18.old.). Az Aspergeresek rendk\u00edv\u00fcli, a megszokott\u00f3l elt\u00e9r\u0151 humor\u00e9rz\u00e9kkel vannak meg\u00e1ldva.<img alt=\"\" src=\"https:\/\/www.kamaszpanasz.hu\/upload\/files\/Cikkek\/Betegsegek_es_balesetek\/Asperger.jpg\"><\/p>\n\n\n\n<h2>A politika ter\u00fclet\u00e9r\u0151l<\/h2>\n\n\n\n<p><strong>Bonaparte Nap\u00f3leon<\/strong>&nbsp;k\u00f6ztudottan f\u00e9lt a macsk\u00e1kt\u00f3l, kedvelte a matematikusok \u00e9s a fizikusok t\u00e1rsas\u00e1g\u00e1t, humanista gondolkod\u00e1s\u00faakat nem t\u0171rt meg maga k\u00f6r\u00fcl. Szerinte a humanist\u00e1k csak bajt okoznak. Inasainak feladatai k\u00f6z\u00e9 tartozott, hogy bet\u00f6rj\u00e9k az \u00faj csizm\u00e1t sz\u00e1m\u00e1ra.&nbsp; Val\u00f3sz\u00edn\u0171leg&nbsp;<strong>neh\u00e9zs\u00e9gei&nbsp;<\/strong>lehettek a&nbsp;<strong>beilleszked\u00e9ssel<\/strong>, a hozz\u00e1 hasonl\u00f3 intellektu\u00e1lis \u00e9s szem\u00e9lyes adotts\u00e1gokkal rendelkez\u0151k t\u00e1rsas\u00e1g\u00e1t r\u00e9szes\u00edtette el\u0151nyben. Feltehet\u0151en vissza-visszat\u00e9r\u0151, alaptalan f\u00e9lelmek gy\u00f6t\u00f6rt\u00e9k, hiperszenzit\u00edv volt bizonyos l\u00e1bbelik visel\u00e9sekor \u00e9s az \u0151t k\u00f6r\u00fclvev\u0151 szem\u00e9lyeket illet\u0151en.<\/p>\n\n\n\n<p><strong>George Washington<\/strong>, az USA els\u0151 eln\u00f6ke volt.&nbsp;<a href=\"https:\/\/www.kamaszpanasz.hu\/hirek\/betegsegek\/466\/asperger-szindroma\">Asperger-szindr\u00f3m\u00e1ra<\/a>&nbsp;utal\u00f3 jellemz\u0151i k\u00f6z\u00f6tt eml\u00edthet\u0151, hogy kertj\u00e9ben marihu\u00e1n\u00e1t termesztett; sok diagnosztiz\u00e1latlan, esetleg f\u00e9lrediagnosztiz\u00e1lt Aspergeres, vagy figyelemzavaros szem\u00e9ly \u00f6nmag\u00e1t igyekszik gy\u00f3gy\u00edtani, hogy \u201enyugtalan elm\u00e9j\u00e9t \u00e9s test\u00e9t csillap\u00edtsa\u201d.<\/p>\n\n\n\n<p>Rettenetesen f\u00e9lt att\u00f3l, hogy \u00e9lve el\u00e9getik, ez\u00e9rt elrendelte, hogy \u201ehal\u00e1l\u00e1t k\u00f6vet\u0151en h\u00e1rom napig hagyj\u00e1k b\u00e9k\u00e9n, hogy megbizonyosodhassanak a hal\u00e1l val\u00f3s be\u00e1llt\u00e1r\u00f3l\u201d. Az Asperger-szindr\u00f3m\u00e1sokat \u00e9s az autist\u00e1kat \u00e9rtelmetlen f\u00e9lelmek gy\u00f6trik, l\u00e1tsz\u00f3lag bizarr szab\u00e1lyokhoz, ritu\u00e1l\u00e9khoz ragaszkodnak. Az \u00e1tlagt\u00f3l elt\u00e9r\u0151en \u00e9rz\u00e9kelik \u00e9s \u00e9rtelmezik az \u0151ket k\u00f6r\u00fclvev\u0151 vil\u00e1got. Besz\u00e1mol\u00f3k szerint p\u00e9nzt kellett k\u00f6lcs\u00f6nk\u00e9rnie, hogy saj\u00e1t beiktat\u00e1si cerem\u00f3ni\u00e1j\u00e1t megrendezze. A p\u00e9nz kezel\u00e9s\u00e9nek neh\u00e9zs\u00e9ge, tendencia a p\u00e9nz felhalmoz\u00e1s\u00e1ra, \u00e9s\/vagy az \u00e9rt\u00e9kt\u00e1rgyak sz\u00e9tosztogat\u00e1s\u00e1nak impulz\u00edv megjelen\u00e9se mind az Aspergeresek saj\u00e1tja lehet.<\/p>\n\n\n\n<p><strong>John Quincy Adams<\/strong>, az USA egyik eln\u00f6ke a Feh\u00e9r H\u00e1z Keleti Szob\u00e1j\u00e1ban h\u00e1zi kedvenck\u00e9nt egy allig\u00e1tort tartott. \u201eMeztelen\u00fcl legutols\u00f3 alkalommal hetvenkilencedik sz\u00fclet\u00e9snapj\u00e1n f\u00fcrd\u00f6tt a Potomac foly\u00f3ban.\u201d Tov\u00e1bbi komment\u00e1rra ezut\u00e1n aligha van sz\u00fcks\u00e9g.<\/p>\n\n\n\n<p><strong>Andrew Johnson<\/strong>&nbsp;megtanult szabni-varrni, s \u0151 maga k\u00e9sz\u00edtette saj\u00e1t \u00e9s a kabinettagok ruh\u00e1it is. A szab\u00e1szattal lehet, hogy Asperger-szindr\u00f3m\u00e1s \u00e9nj\u00e9t, valamint \u201ea figyelemzavarra jellemz\u0151 bels\u0151leg fesz\u00edt\u0151 \u00e9rz\u00e9seket\u201d kezelte. Az Asperger-szindr\u00f3m\u00e1s \u00e9s a val\u00f3ban figyelemzavaros szem\u00e9lyek csillap\u00edthatatlan fesz\u00fclts\u00e9g\u00e9rz\u00e9s\u00fcket, nyugtalans\u00e1gukat l\u00e1buk r\u00e1zogat\u00e1s\u00e1val, r\u00e1g\u00f3z\u00e1ssal, k\u00e9zm\u0171ves tev\u00e9kenys\u00e9ggel, k\u00f6t\u00f6get\u00e9ssel, \u00edz\u00fcleteik ropogtat\u00e1s\u00e1val, \u00e9s ujjaik mozgat\u00e1s\u00e1val igyekeznek csillap\u00edtani.<\/p>\n\n\n\n<p><strong>Abraham Lincoln<\/strong>&nbsp;ideg\u00f6sszeroppan\u00e1st kapott; 1860-ban t\u00f6rt\u00e9nt eln\u00f6kk\u00e9 v\u00e1laszt\u00e1s\u00e1t megel\u0151z\u0151en m\u00e1r nyolc szavaz\u00e1st elvesztett. Az Asperger-szindr\u00f3m\u00e1t nagyon gyakran depresszi\u00f3k\u00e9nt, ideges fesz\u00fclts\u00e9gk\u00e9nt, bipol\u00e1ris zavark\u00e9nt, ideg\u00f6sszeoml\u00e1sk\u00e9nt diagnosztiz\u00e1lj\u00e1k. Lincoln hatalom\u00e9rt folytatott elsz\u00e1nt k\u00fczdelme a megtapadt gondolkod\u00e1s bizony\u00edt\u00e9ka lehet, \u00e9pp\u00fagy, mint a ritu\u00e1lis, \u00e9rtelmetlen ism\u00e9tl\u00e9se dolgoknak.<\/p>\n\n\n\n<p><strong>William Taft<\/strong>&nbsp;beiktat\u00e1s\u00e1nak napj\u00e1n beszorult a f\u00fcrd\u0151k\u00e1dj\u00e1ba, s \u201einasainak \u00fagy kellett \u0151t felkutatniuk\u201d. Az&nbsp;<strong>ev\u00e9szavar&nbsp;<\/strong>gyakran az Asperger \u00e9s az autizmus velej\u00e1r\u00f3ja. A gusztatorikus, olfaktorikus percepci\u00f3kkal, bizonyos anyagokkal szembeni hiper\u00e9rz\u00e9kenys\u00e9g miatt a betegek rosszul esznek, visszautas\u00edtj\u00e1k az \u00e9teleket, alult\u00e1pl\u00e1ltak, csup\u00e1n egy-k\u00e9t megszokott ennival\u00f3t hajland\u00f3k elfogyasztani.<\/p>\n\n\n\n<p><\/p>\n\n\n\n<p><\/p>\n\n\n\n<p>Az&nbsp;<strong>autizmus&nbsp;spektrumzavar<\/strong>&nbsp;kifejez\u00e9st az\u00e9rt haszn\u00e1lj\u00e1k az orvosok, mert az&nbsp;autista gyermekek&nbsp;t\u00fcneteiket tekintve egy sk\u00e1la b\u00e1rmely pontj\u00e1n elhelyezhet\u0151k. Az egyik v\u00e9gpontj\u00e1n tal\u00e1lhat\u00f3k az&nbsp;\u201eenyh\u00e9bb\u201d&nbsp;esetek, a m\u00e1sik v\u00e9gpontj\u00e1n pedig a&nbsp;\u201es\u00falyosabb\u201d&nbsp;esetek.&nbsp;Enyh\u00e9bb esetek azok a gyermekek, akik viselked\u00e9se alig t\u00e9r el egy nem autizmussal \u00e9l\u0151 gyermek viselked\u00e9s\u00e9t\u0151l.<strong>&nbsp;Az&nbsp;autizmus spektrum zavar&nbsp;b\u00e1rmilyen&nbsp;IQ&nbsp;mellett el\u0151fordulhat, vagyis az autizmussal \u00e9l\u0151 szem\u00e9lyek lehetnek \u00e1tlagosak, lehetnek \u00e9rtelmi s\u00e9r\u00fcltek, de&nbsp;kiemelked\u0151 intellektus\u00faak is vannak k\u00f6zt\u00fck.<\/strong><\/p>\n","protected":false},"excerpt":{"rendered":"<p>1.&nbsp;Albert Einstein,&nbsp;a relativit\u00e1selm\u00e9let megalkot\u00f3ja, aki fizikai Nobel-d\u00edjat kapott a fotoelektronikus hat\u00e1s ter\u00fclet\u00e9n v\u00e9gzett munk\u00e1ss\u00e1g\u00e1\u00e9rt. Kilenc\u00e9ves kor\u00e1ban m\u00e9g nem tudott foly\u00e9konyan besz\u00e9lni, \u00edgy sz\u00fclei arra gyanakodtak, hogy gyermek\u00fck ment\u00e1lisan nem \u00e9p. Einsteinr\u0151l felt\u00e9telezhet\u0151, hogy Asperger-szindr\u00f3m\u00e1s&#46;&#46;&#46;<\/p>\n","protected":false},"author":1,"featured_media":550,"comment_status":"closed","ping_status":"closed","sticky":false,"template":"","format":"standard","meta":[],"categories":[1],"tags":[],"_links":{"self":[{"href":"https:\/\/openart.hu\/elet\/wp-json\/wp\/v2\/posts\/505"}],"collection":[{"href":"https:\/\/openart.hu\/elet\/wp-json\/wp\/v2\/posts"}],"about":[{"href":"https:\/\/openart.hu\/elet\/wp-json\/wp\/v2\/types\/post"}],"author":[{"embeddable":true,"href":"https:\/\/openart.hu\/elet\/wp-json\/wp\/v2\/users\/1"}],"replies":[{"embeddable":true,"href":"https:\/\/openart.hu\/elet\/wp-json\/wp\/v2\/comments?post=505"}],"version-history":[{"count":16,"href":"https:\/\/openart.hu\/elet\/wp-json\/wp\/v2\/posts\/505\/revisions"}],"predecessor-version":[{"id":551,"href":"https:\/\/openart.hu\/elet\/wp-json\/wp\/v2\/posts\/505\/revisions\/551"}],"wp:featuredmedia":[{"embeddable":true,"href":"https:\/\/openart.hu\/elet\/wp-json\/wp\/v2\/media\/550"}],"wp:attachment":[{"href":"https:\/\/openart.hu\/elet\/wp-json\/wp\/v2\/media?parent=505"}],"wp:term":[{"taxonomy":"category","embeddable":true,"href":"https:\/\/openart.hu\/elet\/wp-json\/wp\/v2\/categories?post=505"},{"taxonomy":"post_tag","embeddable":true,"href":"https:\/\/openart.hu\/elet\/wp-json\/wp\/v2\/tags?post=505"}],"curies":[{"name":"wp","href":"https:\/\/api.w.org\/{rel}","templated":true}]}}