{"id":165,"date":"2018-11-07T11:36:31","date_gmt":"2018-11-07T11:36:31","guid":{"rendered":"https:\/\/openart.hu\/elet\/?p=165"},"modified":"2018-11-07T12:06:40","modified_gmt":"2018-11-07T12:06:40","slug":"jellemed-az-orrod-alapjan","status":"publish","type":"post","link":"https:\/\/openart.hu\/elet\/2018\/11\/07\/jellemed-az-orrod-alapjan\/","title":{"rendered":"Jellemed az orrod alapj\u00e1n"},"content":{"rendered":"<p><strong>Fiziogn\u00f3mia<\/strong>\u00a0\u2013 ez egy m\u00f3dszer a szem\u00e9lyis\u00e9gi jegy \u00e9s lelki \u00e1llapot meg\u00e1llap\u00edt\u00e1s\u00e1ra az arcvon\u00e1sb\u00f3l \u00e9s a mimik\u00e1b\u00f3l. Az \u00f3kori K\u00edn\u00e1ban fedezt\u00e9k fel az arcr\u00f3l olvas\u00e1s m\u0171v\u00e9szet\u00e9t \u00e9s m\u00e1r Konfucius kor\u00e1ban is nagy n\u00e9pszer\u0171s\u00e9gnek \u00f6rvendett.<\/p>\n<p><strong>A k\u00ednaiak biztosak abban:<\/strong>\u00a0aki megtanul olvasni az arckifejez\u00e9sb\u0151l, az belel\u00e1t az ember lelk\u00e9be \u00e9s kital\u00e1lja annak a j\u00f6v\u0151j\u00e9t!<\/p>\n<p>Az orr az arcunk legki\u00e1ll\u00f3bb r\u00e9sze, ar\u00e1nyoss\u00e1 teszi az arcunkat \u00e9s egyens\u00falyba hozza azt. Ez\u00e9rt a fiziogn\u00f3mi\u00e1val foglalkoz\u00f3k, \u00fagy v\u00e9lik, hogy az arc form\u00e1ja alapj\u00e1n t\u00f6rt\u00e9n\u0151 jellem meghat\u00e1roz\u00e1sn\u00e1l a figyelmet els\u0151sorban az orra kell helyezni. Ellen\u0151rizd, hogy az orrod mit \u00e1rul el r\u00f3lad!<\/p>\n<h2>1. R\u00f3mai orr<\/h2>\n<p><img loading=\"lazy\" class=\"aligncenter size-full wp-image-38028\" src=\"https:\/\/varosikurir.hu\/wp-content\/uploads\/2018\/05\/1.jpg\" sizes=\"(max-width: 800px) 100vw, 800px\" srcset=\"https:\/\/varosikurir.hu\/wp-content\/uploads\/2018\/05\/1.jpg 800w, https:\/\/varosikurir.hu\/wp-content\/uploads\/2018\/05\/1-300x150.jpg 300w, https:\/\/varosikurir.hu\/wp-content\/uploads\/2018\/05\/1-768x384.jpg 768w, https:\/\/varosikurir.hu\/wp-content\/uploads\/2018\/05\/1-20x10.jpg 20w\" alt=\"\" width=\"800\" height=\"400\" \/><\/p>\n<p>A hossz\u00fa, v\u00e9g\u00e9n enyh\u00e9n g\u00f6rb\u00fcl\u0151 orr a tulajdonos\u00e1nak b\u00e1tors\u00e1gr\u00f3l, c\u00e9ltudatoss\u00e1gr\u00f3l, f\u00e9rfiass\u00e1gr\u00f3l besz\u00e9l. Az ilyen form\u00e1j\u00fa orral rendelkez\u0151 ember haboz\u00e1s n\u00e9lk\u00fcl k\u00e9pes neh\u00e9z d\u00f6nt\u00e9seket meghozni, analitikus \u00e9szj\u00e1r\u00e1ssal rendelkezik, k\u00f6nnyed\u00e9n halad a rangl\u00e9tr\u00e1n el\u0151re.<\/p>\n<h2>2. H\u00fasos orr<\/h2>\n<p><img loading=\"lazy\" class=\"aligncenter size-full wp-image-38029\" src=\"https:\/\/varosikurir.hu\/wp-content\/uploads\/2018\/05\/2-2.jpg\" sizes=\"(max-width: 800px) 100vw, 800px\" srcset=\"https:\/\/varosikurir.hu\/wp-content\/uploads\/2018\/05\/2-2.jpg 800w, https:\/\/varosikurir.hu\/wp-content\/uploads\/2018\/05\/2-2-300x150.jpg 300w, https:\/\/varosikurir.hu\/wp-content\/uploads\/2018\/05\/2-2-768x384.jpg 768w, https:\/\/varosikurir.hu\/wp-content\/uploads\/2018\/05\/2-2-20x10.jpg 20w\" alt=\"\" width=\"800\" height=\"400\" \/><\/p>\n<p>Az ilyen orral rendelkez\u0151 emberek alkot\u00f3 tehets\u00e9ggel rendelkeznek. \u0150k szenved\u00e9lyesek \u00e9s elragad\u00f3ak, nagylelk\u0171ek \u00e9s okosak, mindig k\u00e9pesek kezet ny\u00fajtani, megv\u00e9deni \u00e9s seg\u00edteni a bajbajutottaknak\u2026 A n\u0151k ilyen orral kit\u0171n\u0151 h\u00e1ziasszonyok \u00e9s gondoskod\u00f3 any\u00e1k.<\/p>\n<h2>3. Fitos orr<\/h2>\n<p><img loading=\"lazy\" class=\"aligncenter size-full wp-image-38035\" src=\"https:\/\/varosikurir.hu\/wp-content\/uploads\/2018\/05\/3-1.jpg\" sizes=\"(max-width: 800px) 100vw, 800px\" srcset=\"https:\/\/varosikurir.hu\/wp-content\/uploads\/2018\/05\/3-1.jpg 800w, https:\/\/varosikurir.hu\/wp-content\/uploads\/2018\/05\/3-1-300x150.jpg 300w, https:\/\/varosikurir.hu\/wp-content\/uploads\/2018\/05\/3-1-768x384.jpg 768w, https:\/\/varosikurir.hu\/wp-content\/uploads\/2018\/05\/3-1-20x10.jpg 20w\" alt=\"\" width=\"800\" height=\"400\" \/><\/p>\n<p>Ezek az emberek nagyszer\u0171 orral rendelkeznek, az \u00e9letben optimist\u00e1k. \u00c9rz\u00e9keny szem\u00e9lyis\u00e9gek, hangulatuk gyakran v\u00e1ltozik, de \u00e9ppen ez\u00e9rt gyakorlatilag elb\u0171v\u00f6l\u0151ek az els\u0151 pillanatt\u00f3l fogva.<\/p>\n<h2>4. G\u00f6r\u00f6g orr<\/h2>\n<p><img loading=\"lazy\" class=\"aligncenter size-full wp-image-38030\" src=\"https:\/\/varosikurir.hu\/wp-content\/uploads\/2018\/05\/4.jpg\" sizes=\"(max-width: 800px) 100vw, 800px\" srcset=\"https:\/\/varosikurir.hu\/wp-content\/uploads\/2018\/05\/4.jpg 800w, https:\/\/varosikurir.hu\/wp-content\/uploads\/2018\/05\/4-300x150.jpg 300w, https:\/\/varosikurir.hu\/wp-content\/uploads\/2018\/05\/4-768x384.jpg 768w, https:\/\/varosikurir.hu\/wp-content\/uploads\/2018\/05\/4-20x10.jpg 20w\" alt=\"\" width=\"800\" height=\"400\" \/><\/p>\n<p>Szorgalmas \u00e9s komoly emberek. Mindig meg vannak gy\u0151z\u0151dve az igazukr\u00f3l \u00e9s n\u00e9ha hajlamosak kimutatni a makacss\u00e1gukat. L\u00e1tsz\u00f3lagos megk\u00f6zel\u00edthetetlens\u00e9g\u00fck \u00e9rz\u00e9keny term\u00e9szetet rejt, sz\u00fcks\u00e9g\u00fck van a dics\u00e9retre \u00e9s az elismer\u00e9sre.<\/p>\n<h2>5. Pisze orr<\/h2>\n<div class=\"bsac bsac-clearfix bsac-post-inline bsac-float-center bsac-align-center bsac-column-1\"><\/div>\n<p><img loading=\"lazy\" class=\"aligncenter size-full wp-image-38031\" src=\"https:\/\/varosikurir.hu\/wp-content\/uploads\/2018\/05\/5.jpg\" sizes=\"(max-width: 800px) 100vw, 800px\" srcset=\"https:\/\/varosikurir.hu\/wp-content\/uploads\/2018\/05\/5.jpg 800w, https:\/\/varosikurir.hu\/wp-content\/uploads\/2018\/05\/5-300x150.jpg 300w, https:\/\/varosikurir.hu\/wp-content\/uploads\/2018\/05\/5-768x384.jpg 768w\" alt=\"\" width=\"800\" height=\"400\" \/><\/p>\n<p>A pisze orr abban k\u00fcl\u00f6nb\u00f6zik a fitos orrt\u00f3l, hogy a v\u00e9ge g\u00f6mb\u00f6ly\u0171bb \u00e9s h\u00fasosabb. Ha pisze orr\u00fa emberrel tal\u00e1lkozol, akkor akaratlanul is bizalommal fordulsz fel\u00e9. Ezek az emberek sz\u00f3 szerint megb\u00edzhat\u00f3s\u00e1got \u00e9s nyugalmat \u00e1rasztanak, j\u00f3 besz\u00e9l\u0151 k\u00e9pess\u00e9ggel rendelkeznek, mindig k\u00e9szek a seg\u00edts\u00e9gny\u00fajt\u00e1sra\u2026 sokszor m\u00e9g saj\u00e1t k\u00e1ruk \u00e1r\u00e1n is.<\/p>\n<p>Val\u00f3sz\u00edn\u0171leg a pisze orr\u00faaknak ez\u00e9rt van mindig sok bar\u00e1tjuk \u00e9s ismer\u0151s\u00fck!<\/p>\n<h2>6. Sas orr<\/h2>\n<p><img loading=\"lazy\" class=\"aligncenter size-full wp-image-38032\" src=\"https:\/\/varosikurir.hu\/wp-content\/uploads\/2018\/05\/6.jpg\" sizes=\"(max-width: 800px) 100vw, 800px\" srcset=\"https:\/\/varosikurir.hu\/wp-content\/uploads\/2018\/05\/6.jpg 800w, https:\/\/varosikurir.hu\/wp-content\/uploads\/2018\/05\/6-300x150.jpg 300w, https:\/\/varosikurir.hu\/wp-content\/uploads\/2018\/05\/6-768x384.jpg 768w\" alt=\"\" width=\"800\" height=\"400\" \/><\/p>\n<p>\u0150k sz\u00fcletett \u00fczletemberek! J\u00f3 \u00e9rz\u00e9k\u00fck van a p\u00e9nzhez \u00e9s nagyszer\u0171en k\u00f6tnek sz\u00e1mukra el\u0151ny\u00f6s \u00fczleteket. Ezen k\u00edv\u00fcl nagyszer\u0171 pedag\u00f3gusok, k\u00e9szek mindent bele adni a munk\u00e1jukba.<\/p>\n<h2>7. Kicsi orr<\/h2>\n<p><img loading=\"lazy\" class=\"aligncenter size-full wp-image-38033\" src=\"https:\/\/varosikurir.hu\/wp-content\/uploads\/2018\/05\/7.jpg\" sizes=\"(max-width: 800px) 100vw, 800px\" srcset=\"https:\/\/varosikurir.hu\/wp-content\/uploads\/2018\/05\/7.jpg 800w, https:\/\/varosikurir.hu\/wp-content\/uploads\/2018\/05\/7-300x150.jpg 300w, https:\/\/varosikurir.hu\/wp-content\/uploads\/2018\/05\/7-768x384.jpg 768w\" alt=\"\" width=\"800\" height=\"400\" \/><\/p>\n<p>A kis orr tulajdonosai rugalmas term\u00e9szet\u0171ek \u00e9s k\u00e9pesek a kompromisszumokra. Ezek az emberek nyitottak, optimist\u00e1k \u00e9s vonz\u00f3ak, de ugyanakkor nagyon s\u00e9r\u00fcl\u00e9kenyek \u00e9s sz\u00fcks\u00e9g\u00fck van a t\u00e1mogat\u00e1sra \u00e9s az elismer\u00e9sre.<\/p>\n<h2>8. Egyenes orr<\/h2>\n<p><img loading=\"lazy\" class=\"aligncenter size-full wp-image-38034\" src=\"https:\/\/varosikurir.hu\/wp-content\/uploads\/2018\/05\/8.jpg\" sizes=\"(max-width: 800px) 100vw, 800px\" srcset=\"https:\/\/varosikurir.hu\/wp-content\/uploads\/2018\/05\/8.jpg 800w, https:\/\/varosikurir.hu\/wp-content\/uploads\/2018\/05\/8-300x150.jpg 300w, https:\/\/varosikurir.hu\/wp-content\/uploads\/2018\/05\/8-768x384.jpg 768w\" alt=\"\" width=\"800\" height=\"400\" \/><\/p>\n<p>Ezek az emberek neh\u00e9z term\u00e9szet\u0171ek \u00e9s \u00e9les esz\u0171ek, kiv\u00e1l\u00f3 eszt\u00e9tikai \u00e9rz\u00e9kkel rendelkeznek, j\u00f3 \u00e9rz\u00e9k\u00fck van a m\u0171v\u00e9szetekhez \u00e9s mindenhez, ami sz\u00e9p. Szakmai t\u00e9ren biztos l\u00e9ptekkel haladnak saj\u00e1t c\u00e9ljaik fel\u00e9 \u00e9s mindig sikeresek!<\/p>\n","protected":false},"excerpt":{"rendered":"<p>Fiziogn\u00f3mia\u00a0\u2013 ez egy m\u00f3dszer a szem\u00e9lyis\u00e9gi jegy \u00e9s lelki \u00e1llapot meg\u00e1llap\u00edt\u00e1s\u00e1ra az arcvon\u00e1sb\u00f3l \u00e9s a mimik\u00e1b\u00f3l. Az \u00f3kori K\u00edn\u00e1ban fedezt\u00e9k fel az arcr\u00f3l olvas\u00e1s m\u0171v\u00e9szet\u00e9t \u00e9s m\u00e1r Konfucius kor\u00e1ban is nagy n\u00e9pszer\u0171s\u00e9gnek \u00f6rvendett. A&#46;&#46;&#46;<\/p>\n","protected":false},"author":1,"featured_media":172,"comment_status":"open","ping_status":"open","sticky":false,"template":"","format":"standard","meta":[],"categories":[36,13],"tags":[19,45,14],"_links":{"self":[{"href":"https:\/\/openart.hu\/elet\/wp-json\/wp\/v2\/posts\/165"}],"collection":[{"href":"https:\/\/openart.hu\/elet\/wp-json\/wp\/v2\/posts"}],"about":[{"href":"https:\/\/openart.hu\/elet\/wp-json\/wp\/v2\/types\/post"}],"author":[{"embeddable":true,"href":"https:\/\/openart.hu\/elet\/wp-json\/wp\/v2\/users\/1"}],"replies":[{"embeddable":true,"href":"https:\/\/openart.hu\/elet\/wp-json\/wp\/v2\/comments?post=165"}],"version-history":[{"count":2,"href":"https:\/\/openart.hu\/elet\/wp-json\/wp\/v2\/posts\/165\/revisions"}],"predecessor-version":[{"id":167,"href":"https:\/\/openart.hu\/elet\/wp-json\/wp\/v2\/posts\/165\/revisions\/167"}],"wp:featuredmedia":[{"embeddable":true,"href":"https:\/\/openart.hu\/elet\/wp-json\/wp\/v2\/media\/172"}],"wp:attachment":[{"href":"https:\/\/openart.hu\/elet\/wp-json\/wp\/v2\/media?parent=165"}],"wp:term":[{"taxonomy":"category","embeddable":true,"href":"https:\/\/openart.hu\/elet\/wp-json\/wp\/v2\/categories?post=165"},{"taxonomy":"post_tag","embeddable":true,"href":"https:\/\/openart.hu\/elet\/wp-json\/wp\/v2\/tags?post=165"}],"curies":[{"name":"wp","href":"https:\/\/api.w.org\/{rel}","templated":true}]}}