{"id":123,"date":"2018-10-29T17:54:55","date_gmt":"2018-10-29T17:54:55","guid":{"rendered":"https:\/\/openart.hu\/elet\/?p=123"},"modified":"2018-12-07T17:05:31","modified_gmt":"2018-12-07T17:05:31","slug":"magyarorszag-terkepek","status":"publish","type":"post","link":"https:\/\/openart.hu\/elet\/2018\/10\/29\/magyarorszag-terkepek\/","title":{"rendered":"Magyarorsz\u00e1g t\u00e9rk\u00e9pek"},"content":{"rendered":"<div><img src=\"https:\/\/openart.hu\/elet\/wp-content\/uploads\/2018\/12\/trianini-b%C3%A9keszerz%C5%91d%C3%A9s-850x1024.jpg\" alt=\"This image has an empty alt attribute; its file name is trianini-b\u00c3\u00a9keszerz\u00c5\u0091d\u00c3\u00a9s-850x1024.jpg\" \/><\/div>\n<div><b>Ismertet\u0151 sz\u00f6veg:\u00a0<\/b>A trianoni b\u00e9keszerz\u0151d\u00e9s 1920. j\u00fanius 4-\u00e9n Magyarorsz\u00e1g ter\u00fclet\u00e9nek 71.4%-\u00e1t (232.338 km<small><sup>2<\/sup><\/small>), lakoss\u00e1g\u00e1nak 63.5%-\u00e1t (1910: 13,271.370) vette el. A r\u00e9gi hat\u00e1r vonal\u00e1t sehol sem \u00e9rte el a megmaradt csonka orsz\u00e1g. Term\u00e9szetes hat\u00e1raink megbolygat\u00e1sa azonban &#8211; mint mindig &#8211; ez\u00fattal is ideiglenesnek bizonyult.<\/p>\n<p>Visszacsatolt ter\u00fcleteink 1938-t\u00f3l 1941-ig minden \u00e9vben n\u00f6velt\u00e9k a csonka orsz\u00e1got.<br \/>\nI Az 1. b\u00e9csi d\u00f6nt\u00e9ssel 1938. november 2-\u00e1n visszat\u00e9rt felvid\u00e9ki s\u00e1v: 11.927 km<small><sup>2<\/sup><\/small>, 1 milli\u00f3 lakossal.<br \/>\nII Az 1939. m\u00e1rcius 15-t\u0151l kezdve visszafoglalt K\u00e1rp\u00e1talja: 12.061 km<small><sup>2<\/sup><\/small>. 600-ezer lakossal.<br \/>\nIII A 2. b\u00e9csi d\u00f6nt\u00e9ssel 1940. augusztus 30-\u00e9n visszacsatolt \u00e9szakerd\u00e9lyi \u00e9s keleti ter\u00fclet: 43.104 km<small><sup>2<\/sup><\/small>, 2.5 milli\u00f3 lakossal.<br \/>\nIV Az 1941. \u00e1prilis\u00e1ban visszafoglalt d\u00e9li ter\u00fclet: 11.588 km<small><sup>2<\/sup><\/small>\u00a01 milli\u00f3 lakossal.<\/p>\n<p>A n\u00e9gy \u00edzben gyarapodott, kieg\u00e9sz\u00fcl\u0151 Magyarorsz\u00e1g ter\u00fclete 171.753 km<small><sup>2<\/sup><\/small>, 14.843.279 l. (1942.XII.31.)<\/div>\n<div><\/div>\n<div><\/div>\n<div><a href=\"http:\/\/keptar.oszk.hu\/kereses\/keres_cedulaelem.php?offset=900&amp;minta=terke010&amp;tabla=topic\">Magyarorsz\u00e1g t\u00e9rk\u00e9pek<\/a><\/div>\n<div><\/div>\n<p><a data-topotext=\"[{&quot;attributes&quot;:{&quot;tombstoned&quot;:false,&quot;uniqueId&quot;:3,&quot;paragraphStyle&quot;:{&quot;writingDirection&quot;:1},&quot;fontHints&quot;:1},&quot;codePoints&quot;:[77,97,103,121,97,114,111,114,115,122,225,103]},{&quot;attributes&quot;:{&quot;tombstoned&quot;:false,&quot;uniqueId&quot;:2,&quot;paragraphStyle&quot;:{&quot;writingDirection&quot;:1}},&quot;codePoints&quot;:[32]},{&quot;attributes&quot;:{&quot;tombstoned&quot;:false,&quot;uniqueId&quot;:3,&quot;paragraphStyle&quot;:{&quot;writingDirection&quot;:1},&quot;fontHints&quot;:1},&quot;codePoints&quot;:[116,233,114,107,233,112,101,107]},{&quot;attributes&quot;:{&quot;tombstoned&quot;:false,&quot;uniqueId&quot;:2,&quot;paragraphStyle&quot;:{&quot;writingDirection&quot;:1}},&quot;codePoints&quot;:[10,104,116,116,112,58,47,47,107,101,112,116,97,114,46,111,115,122,107,46,104,117,47,107,101,114,101,115,101,115,47,107,101,114,101,115,95,99,101,100,117,108,97,101,108,101,109,46,112,104,112,63,111,102,102,115,101,116,61,57,48,48,38,109,105,110,116,97,61,116,101,114,107,101,48,49,48,38,116,97,98,108,97,61,116,111,112,105,99,10]}]\">\u200b<\/a><\/p>\n","protected":false},"excerpt":{"rendered":"<p>Ismertet\u0151 sz\u00f6veg:\u00a0A trianoni b\u00e9keszerz\u0151d\u00e9s 1920. j\u00fanius 4-\u00e9n Magyarorsz\u00e1g ter\u00fclet\u00e9nek 71.4%-\u00e1t (232.338 km2), lakoss\u00e1g\u00e1nak 63.5%-\u00e1t (1910: 13,271.370) vette el. A r\u00e9gi hat\u00e1r vonal\u00e1t sehol sem \u00e9rte el a megmaradt csonka orsz\u00e1g. Term\u00e9szetes hat\u00e1raink megbolygat\u00e1sa azonban&#46;&#46;&#46;<\/p>\n","protected":false},"author":1,"featured_media":263,"comment_status":"open","ping_status":"open","sticky":false,"template":"","format":"standard","meta":[],"categories":[26],"tags":[27],"_links":{"self":[{"href":"https:\/\/openart.hu\/elet\/wp-json\/wp\/v2\/posts\/123"}],"collection":[{"href":"https:\/\/openart.hu\/elet\/wp-json\/wp\/v2\/posts"}],"about":[{"href":"https:\/\/openart.hu\/elet\/wp-json\/wp\/v2\/types\/post"}],"author":[{"embeddable":true,"href":"https:\/\/openart.hu\/elet\/wp-json\/wp\/v2\/users\/1"}],"replies":[{"embeddable":true,"href":"https:\/\/openart.hu\/elet\/wp-json\/wp\/v2\/comments?post=123"}],"version-history":[{"count":4,"href":"https:\/\/openart.hu\/elet\/wp-json\/wp\/v2\/posts\/123\/revisions"}],"predecessor-version":[{"id":262,"href":"https:\/\/openart.hu\/elet\/wp-json\/wp\/v2\/posts\/123\/revisions\/262"}],"wp:featuredmedia":[{"embeddable":true,"href":"https:\/\/openart.hu\/elet\/wp-json\/wp\/v2\/media\/263"}],"wp:attachment":[{"href":"https:\/\/openart.hu\/elet\/wp-json\/wp\/v2\/media?parent=123"}],"wp:term":[{"taxonomy":"category","embeddable":true,"href":"https:\/\/openart.hu\/elet\/wp-json\/wp\/v2\/categories?post=123"},{"taxonomy":"post_tag","embeddable":true,"href":"https:\/\/openart.hu\/elet\/wp-json\/wp\/v2\/tags?post=123"}],"curies":[{"name":"wp","href":"https:\/\/api.w.org\/{rel}","templated":true}]}}